{"id":354119,"date":"2025-05-19T09:22:24","date_gmt":"2025-05-19T12:22:24","guid":{"rendered":"https:\/\/www.notibras.com\/site\/?p=354119"},"modified":"2025-05-19T09:22:24","modified_gmt":"2025-05-19T12:22:24","slug":"ibama-fecha-cerco-a-grileiros-que-desmatam-e-ameacam-area-nordestina","status":"publish","type":"post","link":"https:\/\/www.notibras.com\/site\/ibama-fecha-cerco-a-grileiros-que-desmatam-e-ameacam-area-nordestina\/","title":{"rendered":"Ibama fecha cerco a grileiros que desmatam e amea\u00e7am \u00e1rea nordestina"},"content":{"rendered":"<p>Outro dia, caminhando pelas trilhas do que restou da Mata Atl\u00e2ntica nordestina, ouvi um sabi\u00e1 cantar. Era um canto meio aflito, como se ele estivesse avisando algo \u2013 talvez a chegada das motosserras, talvez a partida dos ip\u00eas.<\/p>\n<p>A floresta, coitada, j\u00e1 n\u00e3o \u00e9 mais o que era. Tem clareiras onde n\u00e3o havia, ruas onde s\u00f3 havia ra\u00edzes, e placas com nomes pomposos: \u201cCondom\u00ednio Verde Vida\u201d, \u201cResidencial Para\u00edso Atl\u00e2ntico\u201d. Ironias erguidas sobre troncos tombados.<\/p>\n<p>Eis que surge o Ibama, como um c\u00e3o de guarda que acorda de um cochilo for\u00e7ado, farejando os grileiros disfar\u00e7ados de empreendedores. Fecham cercos, embarcam obras, multam os ousados. Mas o estrago, esse j\u00e1 come\u00e7ou.<\/p>\n<p>N\u00e3o \u00e9 s\u00f3 a mata que some. Some tamb\u00e9m o tatu-bola, o tamandu\u00e1, o canto do uirapuru. Somem os cheiros de folhas molhadas, os barulhos de insetos que s\u00f3 aparecem ao entardecer. No lugar, entra o som de britadeiras e o cheiro do cimento fresco.<\/p>\n<p>\u00c9 curioso como alguns acham que progresso \u00e9 asfaltar o mato e dividir em lotes o que a natureza levou s\u00e9culos para tramar em segredo. Chamam de \u201cdesenvolvimento\u201d essa pressa de fazer dinheiro, esquecendo que floresta desfigurada n\u00e3o volta a ser como era.<\/p>\n<p>O sabi\u00e1, ali\u00e1s, calou-se. Talvez tenha voado para outro canto menos devastado, se \u00e9 que ainda existe. A Mata Atl\u00e2ntica, essa senhora de folhas largas e hist\u00f3rias antigas, pede socorro em sil\u00eancio.<\/p>\n<p>Tomara que o cerco do Ibama n\u00e3o chegue tarde demais.<\/p>\n","protected":false},"excerpt":{"rendered":"<p>Outro dia, caminhando pelas trilhas do que restou da Mata Atl\u00e2ntica nordestina, ouvi um sabi\u00e1 cantar. Era um canto meio aflito, como se ele estivesse avisando algo \u2013 talvez a chegada das motosserras, talvez a partida dos ip\u00eas. A floresta, coitada, j\u00e1 n\u00e3o \u00e9 mais o que era. Tem clareiras onde n\u00e3o havia, ruas onde [&hellip;]<\/p>\n","protected":false},"author":2,"featured_media":354120,"comment_status":"closed","ping_status":"closed","sticky":false,"template":"","format":"standard","meta":{"_acf_changed":false,"footnotes":""},"categories":[165],"tags":[],"class_list":["post-354119","post","type-post","status-publish","format-standard","has-post-thumbnail","hentry","category-nordeste"],"acf":[],"_links":{"self":[{"href":"https:\/\/www.notibras.com\/site\/wp-json\/wp\/v2\/posts\/354119","targetHints":{"allow":["GET"]}}],"collection":[{"href":"https:\/\/www.notibras.com\/site\/wp-json\/wp\/v2\/posts"}],"about":[{"href":"https:\/\/www.notibras.com\/site\/wp-json\/wp\/v2\/types\/post"}],"author":[{"embeddable":true,"href":"https:\/\/www.notibras.com\/site\/wp-json\/wp\/v2\/users\/2"}],"replies":[{"embeddable":true,"href":"https:\/\/www.notibras.com\/site\/wp-json\/wp\/v2\/comments?post=354119"}],"version-history":[{"count":1,"href":"https:\/\/www.notibras.com\/site\/wp-json\/wp\/v2\/posts\/354119\/revisions"}],"predecessor-version":[{"id":354121,"href":"https:\/\/www.notibras.com\/site\/wp-json\/wp\/v2\/posts\/354119\/revisions\/354121"}],"wp:featuredmedia":[{"embeddable":true,"href":"https:\/\/www.notibras.com\/site\/wp-json\/wp\/v2\/media\/354120"}],"wp:attachment":[{"href":"https:\/\/www.notibras.com\/site\/wp-json\/wp\/v2\/media?parent=354119"}],"wp:term":[{"taxonomy":"category","embeddable":true,"href":"https:\/\/www.notibras.com\/site\/wp-json\/wp\/v2\/categories?post=354119"},{"taxonomy":"post_tag","embeddable":true,"href":"https:\/\/www.notibras.com\/site\/wp-json\/wp\/v2\/tags?post=354119"}],"curies":[{"name":"wp","href":"https:\/\/api.w.org\/{rel}","templated":true}]}}