{"id":354124,"date":"2025-05-19T09:54:33","date_gmt":"2025-05-19T12:54:33","guid":{"rendered":"https:\/\/www.notibras.com\/site\/?p=354124"},"modified":"2025-05-19T09:54:33","modified_gmt":"2025-05-19T12:54:33","slug":"laura-de-seis-anos-da-aula-de-biologia-a-avo","status":"publish","type":"post","link":"https:\/\/www.notibras.com\/site\/laura-de-seis-anos-da-aula-de-biologia-a-avo\/","title":{"rendered":"Laura, de seis anos, d\u00e1 aula de biologia \u00e0 av\u00f3"},"content":{"rendered":"<p>H\u00e1 duas semanas, recebi uma liga\u00e7\u00e3o da Laura, minha neta. Ela estava preocupada, pois iria viajar com os pais para praia, mas n\u00e3o tinha com quem deixar o Floquinho.<\/p>\n<p>\u2014 Floquinho?<\/p>\n<p>\u2014 Sim, vov\u00f3!<\/p>\n<p>\u2014 E quem \u00e9 Floquinho?<\/p>\n<p>\u2014 Mam\u00e3e n\u00e3o te contou?<\/p>\n<p>\u2014 N\u00e3o.<\/p>\n<p>A m\u00e3e da Laura \u00e9 a Maria L\u00facia, minha filha. Somos muito pr\u00f3ximas, o que n\u00e3o a impede de escamotear certas coisas de mim. Seja como for, h\u00e1 coisas que sempre caem no colo das av\u00f3s e, j\u00e1 que somos as criaturas mais doces e pacientes do universo, precisamos absorv\u00ea-las como se fossem sinas.<\/p>\n<p>\u2014 Meu filho, vov\u00f3!<\/p>\n<p>\u2014 Filho?<\/p>\n<p>\u2014 \u00c9, vov\u00f3!<\/p>\n<p>\u2014 Hum! E como \u00e9 esse seu filho?<\/p>\n<p>\u2014 Ah, vov\u00f3! O Floquinho \u00e9 a criatura mais linda do mundo!<\/p>\n<p>\u2014 Tipo o qu\u00ea, Laura?<\/p>\n<p>\u2014 Tipo um hamster.<\/p>\n<p>\u2014 Um rato?<\/p>\n<p>\u2014 N\u00e3o, vov\u00f3! Um hamster.<\/p>\n<p>\u2014 Um rato, Laura!<\/p>\n<p>Ap\u00f3s ter que escutar uma aula de biologia da minha neta de seis anos, soube as diferen\u00e7as entre hamsters e ratos. No entanto, ningu\u00e9m me tira da cabe\u00e7a que o tal Floquinho n\u00e3o seja um rato. E l\u00e1 fui eu ficar com o meu bisneto de \u00faltima hora simplesmente porque a Laura iria passar as f\u00e9rias com a fam\u00edlia em um hotel em frente \u00e0 praia.<\/p>\n<p>A princ\u00edpio, foi \u00f3dio \u00e0 primeira vista. Gente, como \u00e9 que algu\u00e9m pode achar aquele bicho bonito? E que nome mais desapropriado! Floquinho? Floquinho me lembra de Natal, e aquele rato me pareceu mais um presente de grego.<\/p>\n<p>Dizem que o tempo \u00e9 o senhor da raz\u00e3o. Bem, no meu caso, parece mais com a senhora da emo\u00e7\u00e3o, pois, j\u00e1 no terceiro dia na companhia do Floquinho, comecei a notar a sinceridade em seus olhos t\u00e3o v\u00edvidos. E n\u00e3o \u00e9 que o danado \u00e9 mesmo bonitinho?<\/p>\n<p>O Floquinho e eu, desde ent\u00e3o, nos tornamos t\u00e3o pr\u00f3ximos, que passei a lhe contar hist\u00f3rias dos meus tempos de crian\u00e7a. Posso at\u00e9 jurar que o menino presta aten\u00e7\u00e3o a tudo e, n\u00e3o raro, faz cara de felicidade sorrindo como se dissesse: &#8220;Vov\u00f3, a senhora \u00e9 a melhor contadora de historinhas do mundo.&#8221; \u00c9 \u00f3bvio que sorrio de volta para o mais novo membro da fam\u00edlia. Gente, que ratinho mais lindo!<\/p>\n<p>&#8230;&#8230;&#8230;&#8230;&#8230;&#8230;..<\/p>\n<p><strong>Eduardo Mart\u00ednez \u00e9 autor do livro 57 Contos e Cr\u00f4nicas por um Autor Muito Velho\u2019<\/strong><\/p>\n<p>Compre aqui\u00a0<span class=\"x19la9d6 x1fc57z9 x6ikm8r x10wlt62 x19co3pv x1g5zs5t xfibh0p xiy17q3 x1xsqp64 x1lkfr7t xexx8yu x4uap5 x18d9i69 xkhd6sd\"><span class=\"xrtxmta x1bhl96m\"><img decoding=\"async\" class=\"emoji\" role=\"img\" draggable=\"false\" src=\"https:\/\/s.w.org\/images\/core\/emoji\/15.0.3\/svg\/1f447-1f3ff.svg\" alt=\"&#x1f447;&#x1f3ff;\" \/><\/span><\/span><\/p>\n<p><a href=\"https:\/\/www.joanineditora.com.br\/57-contos-e-cronicas-por-um-autor-muito-velho\">https:\/\/www.joanineditora.com.br\/57-contos-e-cronicas-por-um-autor-muito-velho<\/a><\/p>\n","protected":false},"excerpt":{"rendered":"<p>H\u00e1 duas semanas, recebi uma liga\u00e7\u00e3o da Laura, minha neta. Ela estava preocupada, pois iria viajar com os pais para praia, mas n\u00e3o tinha com quem deixar o Floquinho. \u2014 Floquinho? \u2014 Sim, vov\u00f3! \u2014 E quem \u00e9 Floquinho? \u2014 Mam\u00e3e n\u00e3o te contou? \u2014 N\u00e3o. A m\u00e3e da Laura \u00e9 a Maria L\u00facia, minha [&hellip;]<\/p>\n","protected":false},"author":2,"featured_media":354125,"comment_status":"closed","ping_status":"closed","sticky":false,"template":"","format":"standard","meta":{"_acf_changed":false,"footnotes":""},"categories":[161],"tags":[],"class_list":["post-354124","post","type-post","status-publish","format-standard","has-post-thumbnail","hentry","category-quadradinho-em-foco"],"acf":[],"_links":{"self":[{"href":"https:\/\/www.notibras.com\/site\/wp-json\/wp\/v2\/posts\/354124","targetHints":{"allow":["GET"]}}],"collection":[{"href":"https:\/\/www.notibras.com\/site\/wp-json\/wp\/v2\/posts"}],"about":[{"href":"https:\/\/www.notibras.com\/site\/wp-json\/wp\/v2\/types\/post"}],"author":[{"embeddable":true,"href":"https:\/\/www.notibras.com\/site\/wp-json\/wp\/v2\/users\/2"}],"replies":[{"embeddable":true,"href":"https:\/\/www.notibras.com\/site\/wp-json\/wp\/v2\/comments?post=354124"}],"version-history":[{"count":1,"href":"https:\/\/www.notibras.com\/site\/wp-json\/wp\/v2\/posts\/354124\/revisions"}],"predecessor-version":[{"id":354126,"href":"https:\/\/www.notibras.com\/site\/wp-json\/wp\/v2\/posts\/354124\/revisions\/354126"}],"wp:featuredmedia":[{"embeddable":true,"href":"https:\/\/www.notibras.com\/site\/wp-json\/wp\/v2\/media\/354125"}],"wp:attachment":[{"href":"https:\/\/www.notibras.com\/site\/wp-json\/wp\/v2\/media?parent=354124"}],"wp:term":[{"taxonomy":"category","embeddable":true,"href":"https:\/\/www.notibras.com\/site\/wp-json\/wp\/v2\/categories?post=354124"},{"taxonomy":"post_tag","embeddable":true,"href":"https:\/\/www.notibras.com\/site\/wp-json\/wp\/v2\/tags?post=354124"}],"curies":[{"name":"wp","href":"https:\/\/api.w.org\/{rel}","templated":true}]}}