{"id":354153,"date":"2025-05-20T08:18:54","date_gmt":"2025-05-20T11:18:54","guid":{"rendered":"https:\/\/www.notibras.com\/site\/?p=354153"},"modified":"2025-05-20T08:18:54","modified_gmt":"2025-05-20T11:18:54","slug":"frevo-desembarca-em-cannes-para-ajudar-a-premiar-agente-secreto","status":"publish","type":"post","link":"https:\/\/www.notibras.com\/site\/frevo-desembarca-em-cannes-para-ajudar-a-premiar-agente-secreto\/","title":{"rendered":"Frevo desembarca em Cannes para ajudar a premiar Agente Secreto"},"content":{"rendered":"<p>O longa-metragem O Agente Secreto, do cineasta Kleber Mendon\u00e7a Filho, teve sua estreia mundial no domingo (18), no 78\u00ba Festival de Cannes, na Fran\u00e7a. A produ\u00e7\u00e3o, protagonizada por Wagner Moura, \u00e9 uma das concorrentes \u00e0 Palma de Ouro, principal pr\u00eamio do evento. A exibi\u00e7\u00e3o foi acompanhada por uma celebra\u00e7\u00e3o cultural brasileira e recebeu aplausos do p\u00fablico por aproximadamente 15 minutos.<\/p>\n<p>O filme \u00e9 uma coprodu\u00e7\u00e3o entre Brasil, Alemanha, Fran\u00e7a e Holanda, e contou com recursos do Fundo Setorial do Audiovisual (FSA), vinculado \u00e0 Ag\u00eancia Nacional do Cinema (Ancine), com apoio do Minist\u00e9rio da Cultura (MinC).<\/p>\n<p>A delega\u00e7\u00e3o brasileira foi composta por atores e membros da equipe t\u00e9cnica, como Gabriel Leone, Maria Fernanda C\u00e2ndido, Juliana Paes, Barbara Paz, Isabel Zuaa, Caio Ven\u00e2ncio, a produtora Emilie Lesclaux e o pr\u00f3prio diretor. A ministra da Cultura, Margareth Menezes, e a secret\u00e1ria do Audiovisual, Joelma Gonzaga, tamb\u00e9m participaram do evento.<\/p>\n<p>A chegada da comitiva ao tapete vermelho foi marcada por uma apresenta\u00e7\u00e3o de frevo pernambucano, reunindo orquestra e artistas que levaram a musicalidade brasileira \u00e0s ruas de Cannes.<\/p>\n<p><strong>Confer\u00eancia<\/strong><br \/>\nAinda na Fran\u00e7a, o Brasil promoveu a confer\u00eancia \u201cCom quem (co)produzir no Brasil?\u201d, no \u00e2mbito do March\u00e9 du Film. O objetivo foi apresentar ao mercado internacional os diferentes perfis regionais do audiovisual brasileiro.<\/p>\n<p>O encontro contou com representantes de entidades como a Associa\u00e7\u00e3o de Produtores do Nordeste (APAN), a Conex\u00e3o Audiovisual Centro-Oeste, Norte e Nordeste (CONNE), e a Funda\u00e7\u00e3o Cinema do Rio Grande do Sul (Fundacine).<\/p>\n<p>Durante sua participa\u00e7\u00e3o, a ministra Margareth Menezes destacou o papel estrat\u00e9gico da cultura nacional em eventos internacionais.<\/p>\n<p>\u201cO March\u00e9 du Film traz o Brasil como pa\u00eds de honra. Isso representa uma oportunidade importante de valoriza\u00e7\u00e3o da nossa produ\u00e7\u00e3o cultural. Estamos trabalhando para ampliar a inser\u00e7\u00e3o do audiovisual brasileiro no cen\u00e1rio global\u201d, disse a ministra, de acordo com nota divulgada pelo minist\u00e9rio.<\/p>\n<p>Kleber Mendon\u00e7a Filho ressaltou a relev\u00e2ncia do financiamento p\u00fablico para o setor cultural. \u201cFazer a cultura se expressar artisticamente faz parte do que uma na\u00e7\u00e3o significa. O Brasil tem uma voca\u00e7\u00e3o muito especial, reconhecida internacionalmente. \u00c9 motivo de orgulho realizar esse filme com recursos p\u00fablicos, tanto brasileiros quanto de outros pa\u00edses parceiros\u201d, enfatizou.<\/p>\n<p><strong>Diversidade<\/strong><br \/>\nOutro destaque da programa\u00e7\u00e3o foi o painel \u201cVozes da Maioria no Cinema: Os 54% Negros do Brasil N\u00e3o Podem Esperar\u201d, que discutiu a representatividade negra no audiovisual. A atividade reuniu artistas, produtores e entidades parceiras, como o Instituto Guimar\u00e3es Rosa, ONU Mulheres, Instituto Nicho 54 e Projeto Paradiso.<\/p>\n<p>Participaram da mesa a atriz e produtora Camila Pitanga, Robson Dias (B\u00fazios Films), Beth\u00e2nia Maia (Vaporosa Cultural) e o compositor Pedro Santiago, com media\u00e7\u00e3o de Markus Thersio.<\/p>\n<p>Camila Pitanga destacou a import\u00e2ncia de um cinema mais plural. \u201cQueremos ver um Brasil que reflita a diversidade de sua popula\u00e7\u00e3o, com espa\u00e7o para vozes como as de Carolina Maria de Jesus e Luiz Gama. Esse \u00e9 o cinema brasileiro que queremos construir\u201d, ressaltou a atriz.<\/p>\n<p>O painel refor\u00e7ou a necessidade de pol\u00edticas p\u00fablicas que garantam equidade racial na cadeia produtiva e incentivem narrativas diversas no setor audiovisual.<\/p>\n","protected":false},"excerpt":{"rendered":"<p>O longa-metragem O Agente Secreto, do cineasta Kleber Mendon\u00e7a Filho, teve sua estreia mundial no domingo (18), no 78\u00ba Festival de Cannes, na Fran\u00e7a. A produ\u00e7\u00e3o, protagonizada por Wagner Moura, \u00e9 uma das concorrentes \u00e0 Palma de Ouro, principal pr\u00eamio do evento. A exibi\u00e7\u00e3o foi acompanhada por uma celebra\u00e7\u00e3o cultural brasileira e recebeu aplausos do [&hellip;]<\/p>\n","protected":false},"author":2,"featured_media":354154,"comment_status":"closed","ping_status":"closed","sticky":false,"template":"","format":"standard","meta":{"_acf_changed":false,"footnotes":""},"categories":[165],"tags":[],"class_list":["post-354153","post","type-post","status-publish","format-standard","has-post-thumbnail","hentry","category-nordeste"],"acf":[],"_links":{"self":[{"href":"https:\/\/www.notibras.com\/site\/wp-json\/wp\/v2\/posts\/354153","targetHints":{"allow":["GET"]}}],"collection":[{"href":"https:\/\/www.notibras.com\/site\/wp-json\/wp\/v2\/posts"}],"about":[{"href":"https:\/\/www.notibras.com\/site\/wp-json\/wp\/v2\/types\/post"}],"author":[{"embeddable":true,"href":"https:\/\/www.notibras.com\/site\/wp-json\/wp\/v2\/users\/2"}],"replies":[{"embeddable":true,"href":"https:\/\/www.notibras.com\/site\/wp-json\/wp\/v2\/comments?post=354153"}],"version-history":[{"count":1,"href":"https:\/\/www.notibras.com\/site\/wp-json\/wp\/v2\/posts\/354153\/revisions"}],"predecessor-version":[{"id":354155,"href":"https:\/\/www.notibras.com\/site\/wp-json\/wp\/v2\/posts\/354153\/revisions\/354155"}],"wp:featuredmedia":[{"embeddable":true,"href":"https:\/\/www.notibras.com\/site\/wp-json\/wp\/v2\/media\/354154"}],"wp:attachment":[{"href":"https:\/\/www.notibras.com\/site\/wp-json\/wp\/v2\/media?parent=354153"}],"wp:term":[{"taxonomy":"category","embeddable":true,"href":"https:\/\/www.notibras.com\/site\/wp-json\/wp\/v2\/categories?post=354153"},{"taxonomy":"post_tag","embeddable":true,"href":"https:\/\/www.notibras.com\/site\/wp-json\/wp\/v2\/tags?post=354153"}],"curies":[{"name":"wp","href":"https:\/\/api.w.org\/{rel}","templated":true}]}}