{"id":354167,"date":"2025-05-20T09:29:22","date_gmt":"2025-05-20T12:29:22","guid":{"rendered":"https:\/\/www.notibras.com\/site\/?p=354167"},"modified":"2025-05-20T09:29:22","modified_gmt":"2025-05-20T12:29:22","slug":"quando-a-inspiracao-tira-ferias-escritor-usa-relatos-para-justificar-holerite","status":"publish","type":"post","link":"https:\/\/www.notibras.com\/site\/quando-a-inspiracao-tira-ferias-escritor-usa-relatos-para-justificar-holerite\/","title":{"rendered":"Quando a inspira\u00e7\u00e3o tira f\u00e9rias, escritor usa relatos para justificar holerite"},"content":{"rendered":"<p>Vida de escritor, que carrega estigma de solit\u00e1ria, ainda \u00e9 cheia de incertezas. N\u00e3o raro, recorro a parentes, amigos e a leitores quando a imagina\u00e7\u00e3o falha. Por outro lado, alguns autores, em especial o Daniel Marchi (Dan), costuma me mandar alguma mensagem desesperada, seja de madrugada, seja logo ap\u00f3s os primeiros raios da manh\u00e3.<\/p>\n<p>&#8220;Edu, notaste que estou numa crise de cria\u00e7\u00e3o? N\u00e3o me sai nada.&#8221;<\/p>\n<p>Pois \u00e9, se at\u00e9 a falta de inspira\u00e7\u00e3o atinge o grande Daniel Marchi, imagina o que acontece conosco, meros mortais. Mas eis que, quando o medo de n\u00e3o ter mais assunto para o conto ou a cr\u00f4nica do dia seguinte se instala, percebo uma luz no fim do t\u00fanel. E isso me faz querer ir em sua dire\u00e7\u00e3o, mesmo na incerteza do que irei encontrar. Quem sabe, at\u00e9, n\u00e3o seja um trem que ir\u00e1 destro\u00e7ar todas as minhas poss\u00edveis ideias?<\/p>\n<p>A minha grande amiga Maria L\u00facia&#8230; Hum&#8230; N\u00e3o \u00e9 apenas Maria L\u00facia, mas Maria L\u00facia Flores do Esp\u00edrito Santo Meireles, nome mais do que respeit\u00e1vel nesta terra de tantos Silvas e Souzas. Ela, que \u00e9 escritora que atravessou com louvor o Rubic\u00e3o, \u00e9 um dos meus suportes criativos.<\/p>\n<p>\u2014 Mary Lucy, t\u00f4 precisando de um causo curioso.<\/p>\n<p>\u2014 Hum, Edu&#8230; Ah, tem um muito bom!<\/p>\n<p>Mas n\u00e3o se engane, pois at\u00e9 a Maria L\u00facia tem l\u00e1 seus desertos criativos.<\/p>\n<p>\u2014 Edu, t\u00f4 t\u00e3o sem inspira\u00e7\u00e3o.<\/p>\n<p>Por falar em inspira\u00e7\u00e3o, creio que o sujeito mais criativo que conhe\u00e7o seja o jornalista e escritor Armando Cardoso, vulgo Presidente. \u00c9 que o cara j\u00e1 foi tudo na vida e, por tal raz\u00e3o, possui mil e uma hist\u00f3rias para contar de diversas maneiras. Se bobear, ele \u00e9 capaz de reescrever a B\u00edblia sem que algu\u00e9m o acuse de pl\u00e1gio, tamanha a verve liter\u00e1ria que guarda em seus dedos ligeiros sobre a velha Olivetti.<\/p>\n<p>Outro que parece n\u00e3o sofrer desse mal de falta de inspira\u00e7\u00e3o \u00e9 o tamb\u00e9m jornalista e escritor Jos\u00e9 Seabra, o Chefe, que transita entre a apraz\u00edvel praia de Itapuama, em Cabo de Santo Agostinho-PE, e a capital federal. Tanto \u00e9 que, n\u00e3o raro, entre mat\u00e9rias di\u00e1rias sobre os fatos mais importantes do pa\u00eds e do mundo, brinda os leitores do <strong>Notibras<\/strong> com cr\u00f4nicas e contos, como quem busca no fundo do ba\u00fa reminisc\u00eancias infinitas.<\/p>\n<p>De vez em quando, at\u00e9 mesmo a minha mulher, a afamada colunista Dona Irene, me intima a dar pitado em seus escritos. Volto meus olhos para seu lindo rosto, enquanto ela, com o sorriso mais encantador nos l\u00e1bios, me diz: &#8220;Edu, me d\u00ea um assunto pra escrever!&#8221;<\/p>\n<p>Daniel, Maria L\u00facia, Armando, Seabra e Dona Irene, tanta gente talentosa e apaixonada por preencher folhas com in\u00fameras palavras, devaneios e sonhos. \u00c9 verdade que, para alguns de n\u00f3s, de vez em quando, o desespero bate \u00e0 porta, como de quem carrega a certeza de que a inspira\u00e7\u00e3o parece ter pendurado as chuteiras. Mas, n\u00e3o! Como diz a Maria L\u00facia, at\u00e9 mesmo a inspira\u00e7\u00e3o, vez ou outra, tira f\u00e9rias.<\/p>\n<p>\u2014 Edu, a inspira\u00e7\u00e3o viaja e n\u00e3o diz quando voltar\u00e1. Mas, quando a gente menos espera, ela d\u00e1 as caras e, o melhor de tudo, vem com energia redobrada.<\/p>\n<p>&#8230;&#8230;&#8230;&#8230;&#8230;&#8230;&#8230;&#8230;&#8230;<\/p>\n<p><strong>Eduardo Mart\u00ednez \u00e9 autor do livro 57 Contos e Cr\u00f4nicas por um Autor Muito Velho\u2019<\/strong><\/p>\n<p>Compre aqui\u00a0<span class=\"x19la9d6 x1fc57z9 x6ikm8r x10wlt62 x19co3pv x1g5zs5t xfibh0p xiy17q3 x1xsqp64 x1lkfr7t xexx8yu x4uap5 x18d9i69 xkhd6sd\"><span class=\"xrtxmta x1bhl96m\"><img decoding=\"async\" class=\"emoji\" role=\"img\" draggable=\"false\" src=\"https:\/\/s.w.org\/images\/core\/emoji\/15.0.3\/svg\/1f447-1f3ff.svg\" alt=\"&#x1f447;&#x1f3ff;\" \/><\/span><\/span><\/p>\n<p><a href=\"https:\/\/www.joanineditora.com.br\/57-contos-e-cronicas-por-um-autor-muito-velho\">https:\/\/www.joanineditora.com.br\/57-contos-e-cronicas-por-um-autor-muito-velho<\/a><\/p>\n","protected":false},"excerpt":{"rendered":"<p>Vida de escritor, que carrega estigma de solit\u00e1ria, ainda \u00e9 cheia de incertezas. N\u00e3o raro, recorro a parentes, amigos e a leitores quando a imagina\u00e7\u00e3o falha. Por outro lado, alguns autores, em especial o Daniel Marchi (Dan), costuma me mandar alguma mensagem desesperada, seja de madrugada, seja logo ap\u00f3s os primeiros raios da manh\u00e3. &#8220;Edu, [&hellip;]<\/p>\n","protected":false},"author":2,"featured_media":354168,"comment_status":"closed","ping_status":"closed","sticky":false,"template":"","format":"standard","meta":{"_acf_changed":false,"footnotes":""},"categories":[161],"tags":[],"class_list":["post-354167","post","type-post","status-publish","format-standard","has-post-thumbnail","hentry","category-quadradinho-em-foco"],"acf":[],"_links":{"self":[{"href":"https:\/\/www.notibras.com\/site\/wp-json\/wp\/v2\/posts\/354167","targetHints":{"allow":["GET"]}}],"collection":[{"href":"https:\/\/www.notibras.com\/site\/wp-json\/wp\/v2\/posts"}],"about":[{"href":"https:\/\/www.notibras.com\/site\/wp-json\/wp\/v2\/types\/post"}],"author":[{"embeddable":true,"href":"https:\/\/www.notibras.com\/site\/wp-json\/wp\/v2\/users\/2"}],"replies":[{"embeddable":true,"href":"https:\/\/www.notibras.com\/site\/wp-json\/wp\/v2\/comments?post=354167"}],"version-history":[{"count":1,"href":"https:\/\/www.notibras.com\/site\/wp-json\/wp\/v2\/posts\/354167\/revisions"}],"predecessor-version":[{"id":354169,"href":"https:\/\/www.notibras.com\/site\/wp-json\/wp\/v2\/posts\/354167\/revisions\/354169"}],"wp:featuredmedia":[{"embeddable":true,"href":"https:\/\/www.notibras.com\/site\/wp-json\/wp\/v2\/media\/354168"}],"wp:attachment":[{"href":"https:\/\/www.notibras.com\/site\/wp-json\/wp\/v2\/media?parent=354167"}],"wp:term":[{"taxonomy":"category","embeddable":true,"href":"https:\/\/www.notibras.com\/site\/wp-json\/wp\/v2\/categories?post=354167"},{"taxonomy":"post_tag","embeddable":true,"href":"https:\/\/www.notibras.com\/site\/wp-json\/wp\/v2\/tags?post=354167"}],"curies":[{"name":"wp","href":"https:\/\/api.w.org\/{rel}","templated":true}]}}