{"id":354228,"date":"2025-05-21T10:07:16","date_gmt":"2025-05-21T13:07:16","guid":{"rendered":"https:\/\/www.notibras.com\/site\/?p=354228"},"modified":"2025-05-21T10:20:14","modified_gmt":"2025-05-21T13:20:14","slug":"inovacoes-estao-mudando-os-rumos-do-nordeste","status":"publish","type":"post","link":"https:\/\/www.notibras.com\/site\/inovacoes-estao-mudando-os-rumos-do-nordeste\/","title":{"rendered":"Inova\u00e7\u00f5es est\u00e3o mudando os rumos do Nordeste"},"content":{"rendered":"<p>O Nordeste brasileiro, historicamente marcado por desafios socioecon\u00f4micos e clim\u00e1ticos, vive uma fase de renova\u00e7\u00e3o. Nos \u00faltimos anos, a regi\u00e3o tem se tornado um polo de inova\u00e7\u00e3o, tecnologia e desenvolvimento sustent\u00e1vel, impulsionando a economia local e redesenhando seu futuro.<\/p>\n<p>O sol forte, que por tanto tempo simbolizou a seca e o sofrimento no sert\u00e3o, hoje representa uma das maiores riquezas do Nordeste. A regi\u00e3o lidera a produ\u00e7\u00e3o de energia solar no Brasil, com grandes usinas fotovoltaicas espalhadas pelo Piau\u00ed, Cear\u00e1 e Bahia. Al\u00e9m disso, os ventos constantes do litoral nordestino impulsionam a energia e\u00f3lica, posicionando estados como o Rio Grande do Norte e o Cear\u00e1 entre os maiores produtores do pa\u00eds.<\/p>\n<p>Capitais como Recife, Salvador e Fortaleza t\u00eam atra\u00eddo investimentos em tecnologia e startups. O Porto Digital, em Recife, \u00e9 um dos principais parques tecnol\u00f3gicos do Brasil, abrigando centenas de empresas e milhares de empregos. Ao mesmo tempo, a economia criativa \u2014 com foco em moda, m\u00fasica e audiovisual \u2014 ganha espa\u00e7o com iniciativas que unem tradi\u00e7\u00e3o e inova\u00e7\u00e3o.<\/p>\n<p>Com o crescimento tecnol\u00f3gico, aumentam tamb\u00e9m os investimentos em educa\u00e7\u00e3o. Programas de capacita\u00e7\u00e3o em tecnologia e empreendedorismo t\u00eam surgido em cidades do interior, levando oportunidades para jovens antes exclu\u00eddos digitalmente. Parcerias com universidades e centros de pesquisa locais fortalecem a base educacional da regi\u00e3o.<\/p>\n<p>Outra revolu\u00e7\u00e3o silenciosa ocorre no campo. A agricultura de precis\u00e3o, o uso de sensores e drones, e o manejo sustent\u00e1vel da \u00e1gua est\u00e3o transformando o semi\u00e1rido em um celeiro de produ\u00e7\u00e3o eficiente e resiliente. Projetos como o uso de cisternas inteligentes e a produ\u00e7\u00e3o em sistema agrovoltaico (combinando agricultura e energia solar) mostram que \u00e9 poss\u00edvel produzir mais com menos.<\/p>\n<p>\u00c9 f\u00e1cil observar que o Nordeste est\u00e1 em plena transforma\u00e7\u00e3o. As inova\u00e7\u00f5es tecnol\u00f3gicas e sociais v\u00eam rompendo barreiras hist\u00f3ricas e reposicionando a regi\u00e3o como um exemplo de resili\u00eancia e reinven\u00e7\u00e3o. Deixando para tr\u00e1s os estigmas do passado, o Nordeste se projeta para o futuro como uma terra f\u00e9rtil de oportunidades e progresso sustent\u00e1vel.<\/p>\n","protected":false},"excerpt":{"rendered":"<p>O Nordeste brasileiro, historicamente marcado por desafios socioecon\u00f4micos e clim\u00e1ticos, vive uma fase de renova\u00e7\u00e3o. Nos \u00faltimos anos, a regi\u00e3o tem se tornado um polo de inova\u00e7\u00e3o, tecnologia e desenvolvimento sustent\u00e1vel, impulsionando a economia local e redesenhando seu futuro. O sol forte, que por tanto tempo simbolizou a seca e o sofrimento no sert\u00e3o, hoje [&hellip;]<\/p>\n","protected":false},"author":2,"featured_media":354229,"comment_status":"closed","ping_status":"closed","sticky":false,"template":"","format":"standard","meta":{"_acf_changed":false,"footnotes":""},"categories":[165],"tags":[],"class_list":["post-354228","post","type-post","status-publish","format-standard","has-post-thumbnail","hentry","category-nordeste"],"acf":[],"_links":{"self":[{"href":"https:\/\/www.notibras.com\/site\/wp-json\/wp\/v2\/posts\/354228","targetHints":{"allow":["GET"]}}],"collection":[{"href":"https:\/\/www.notibras.com\/site\/wp-json\/wp\/v2\/posts"}],"about":[{"href":"https:\/\/www.notibras.com\/site\/wp-json\/wp\/v2\/types\/post"}],"author":[{"embeddable":true,"href":"https:\/\/www.notibras.com\/site\/wp-json\/wp\/v2\/users\/2"}],"replies":[{"embeddable":true,"href":"https:\/\/www.notibras.com\/site\/wp-json\/wp\/v2\/comments?post=354228"}],"version-history":[{"count":2,"href":"https:\/\/www.notibras.com\/site\/wp-json\/wp\/v2\/posts\/354228\/revisions"}],"predecessor-version":[{"id":354234,"href":"https:\/\/www.notibras.com\/site\/wp-json\/wp\/v2\/posts\/354228\/revisions\/354234"}],"wp:featuredmedia":[{"embeddable":true,"href":"https:\/\/www.notibras.com\/site\/wp-json\/wp\/v2\/media\/354229"}],"wp:attachment":[{"href":"https:\/\/www.notibras.com\/site\/wp-json\/wp\/v2\/media?parent=354228"}],"wp:term":[{"taxonomy":"category","embeddable":true,"href":"https:\/\/www.notibras.com\/site\/wp-json\/wp\/v2\/categories?post=354228"},{"taxonomy":"post_tag","embeddable":true,"href":"https:\/\/www.notibras.com\/site\/wp-json\/wp\/v2\/tags?post=354228"}],"curies":[{"name":"wp","href":"https:\/\/api.w.org\/{rel}","templated":true}]}}