{"id":354231,"date":"2025-05-21T09:54:54","date_gmt":"2025-05-21T12:54:54","guid":{"rendered":"https:\/\/www.notibras.com\/site\/?p=354231"},"modified":"2025-05-21T10:12:15","modified_gmt":"2025-05-21T13:12:15","slug":"religioes-de-matriz-africana-ecoam-da-bahia-ao-maranhao","status":"publish","type":"post","link":"https:\/\/www.notibras.com\/site\/religioes-de-matriz-africana-ecoam-da-bahia-ao-maranhao\/","title":{"rendered":"Religi\u00f5es de matriz africana ecoam da Bahia ao Maranh\u00e3o"},"content":{"rendered":"<p>As ruas da Bahia j\u00e1 n\u00e3o s\u00e3o mais as \u00fanicas testemunhas dos toques de atabaques, dos corpos que dan\u00e7am em transe e das folhas sagradas que lavam a alma. O ax\u00e9, for\u00e7a vital das religi\u00f5es de matriz africana, tem atravessado fronteiras e se espalhado com firmeza e beleza por todo o Nordeste. De Alagoas ao Piau\u00ed, de Pernambuco ao Maranh\u00e3o, cresce o n\u00famero de terreiros, casas de culto e comunidades que abra\u00e7am os orix\u00e1s como parte de sua identidade espiritual.<\/p>\n<p>\u00c9 um movimento silencioso e forte, como as \u00e1guas de Oxum. Enquanto os grandes centros religiosos ainda disputam fi\u00e9is e narrativas, os cultos afro-brasileiros v\u00e3o ganhando espa\u00e7o n\u00e3o pela imposi\u00e7\u00e3o, mas pela ancestralidade. S\u00e3o rezas que vieram nos por\u00f5es dos navios negreiros, sobreviveram \u00e0 escravid\u00e3o, \u00e0 intoler\u00e2ncia, \u00e0 marginaliza\u00e7\u00e3o \u2013 e agora florescem com dignidade em solo nordestino, mostrando que liberdade religiosa \u00e9 mais que um direito: \u00e9 um ato de resist\u00eancia cultural.<\/p>\n<p>Nas feiras populares, nas periferias, nas universidades, o sagrado africano se imp\u00f5e como parte indissoci\u00e1vel da identidade brasileira. E os filhos de santo j\u00e1 n\u00e3o se escondem. Desfilam com seus fios de contas, entoam cantigas em iorub\u00e1 e convidam quem quiser ouvir a entender que f\u00e9 tamb\u00e9m tem cor, tem batuque, tem hist\u00f3ria.<\/p>\n<p>No fundo, o que se v\u00ea n\u00e3o \u00e9 apenas o crescimento de uma religi\u00e3o \u2013 mas a reafirma\u00e7\u00e3o de um Brasil plural, onde cada canto pode ecoar um c\u00e2ntico diferente e, ainda assim, formar uma mesma melodia. Que os ventos de Ians\u00e3 continuem soprando e abrindo caminhos para o respeito e a conviv\u00eancia entre os credos.<\/p>\n","protected":false},"excerpt":{"rendered":"<p>As ruas da Bahia j\u00e1 n\u00e3o s\u00e3o mais as \u00fanicas testemunhas dos toques de atabaques, dos corpos que dan\u00e7am em transe e das folhas sagradas que lavam a alma. O ax\u00e9, for\u00e7a vital das religi\u00f5es de matriz africana, tem atravessado fronteiras e se espalhado com firmeza e beleza por todo o Nordeste. De Alagoas ao [&hellip;]<\/p>\n","protected":false},"author":2,"featured_media":354232,"comment_status":"closed","ping_status":"closed","sticky":false,"template":"","format":"standard","meta":{"_acf_changed":false,"footnotes":""},"categories":[165],"tags":[],"class_list":["post-354231","post","type-post","status-publish","format-standard","has-post-thumbnail","hentry","category-nordeste"],"acf":[],"_links":{"self":[{"href":"https:\/\/www.notibras.com\/site\/wp-json\/wp\/v2\/posts\/354231","targetHints":{"allow":["GET"]}}],"collection":[{"href":"https:\/\/www.notibras.com\/site\/wp-json\/wp\/v2\/posts"}],"about":[{"href":"https:\/\/www.notibras.com\/site\/wp-json\/wp\/v2\/types\/post"}],"author":[{"embeddable":true,"href":"https:\/\/www.notibras.com\/site\/wp-json\/wp\/v2\/users\/2"}],"replies":[{"embeddable":true,"href":"https:\/\/www.notibras.com\/site\/wp-json\/wp\/v2\/comments?post=354231"}],"version-history":[{"count":1,"href":"https:\/\/www.notibras.com\/site\/wp-json\/wp\/v2\/posts\/354231\/revisions"}],"predecessor-version":[{"id":354233,"href":"https:\/\/www.notibras.com\/site\/wp-json\/wp\/v2\/posts\/354231\/revisions\/354233"}],"wp:featuredmedia":[{"embeddable":true,"href":"https:\/\/www.notibras.com\/site\/wp-json\/wp\/v2\/media\/354232"}],"wp:attachment":[{"href":"https:\/\/www.notibras.com\/site\/wp-json\/wp\/v2\/media?parent=354231"}],"wp:term":[{"taxonomy":"category","embeddable":true,"href":"https:\/\/www.notibras.com\/site\/wp-json\/wp\/v2\/categories?post=354231"},{"taxonomy":"post_tag","embeddable":true,"href":"https:\/\/www.notibras.com\/site\/wp-json\/wp\/v2\/tags?post=354231"}],"curies":[{"name":"wp","href":"https:\/\/api.w.org\/{rel}","templated":true}]}}