{"id":354264,"date":"2025-05-21T16:52:00","date_gmt":"2025-05-21T19:52:00","guid":{"rendered":"https:\/\/www.notibras.com\/site\/?p=354264"},"modified":"2025-05-21T16:52:30","modified_gmt":"2025-05-21T19:52:30","slug":"seca-e-frio-aumentam-as-doencas-respiratorias","status":"publish","type":"post","link":"https:\/\/www.notibras.com\/site\/seca-e-frio-aumentam-as-doencas-respiratorias\/","title":{"rendered":"Seca e frio aumentam as doen\u00e7as respirat\u00f3rias"},"content":{"rendered":"<p>Em Bras\u00edlia, o final do m\u00eas de maio \u00e9 marcado pela incid\u00eancia de baixas temperaturas e redu\u00e7\u00e3o da umidade relativa do ar. Durante este per\u00edodo, doen\u00e7as como rinossinusites, faringites, laringites, bronquites e crises de asma aparecem com mais frequ\u00eancia na popula\u00e7\u00e3o. O ar frio e seco interfere nos n\u00edveis de elimina\u00e7\u00e3o da mucosa das vias a\u00e9reas, favorecendo infec\u00e7\u00f5es. Al\u00e9m disso, o desconforto t\u00e9rmico leva \u00e0 maior perman\u00eancia em ambientes fechados e pouco ventilados, o que aumenta a exposi\u00e7\u00e3o a v\u00edrus respirat\u00f3rios e facilita sua transmiss\u00e3o.<\/p>\n<p>De acordo com o pneumologista do Hospital DF Star e do Hospital Santa Luzia, da Rede D&#8217;Or, Thiago Fuscaldi, com a \u00eanfase na redu\u00e7\u00e3o da umidade relativa do ar, compromete-se a integridade da mucosa respirat\u00f3ria e o funcionamento do sistema mucociliar \u2014 principal barreira de defesa contra part\u00edculas inal\u00e1veis e agentes infecciosos. \u201cAssociado a isso, h\u00e1 maior concentra\u00e7\u00e3o de poluentes, poeira e al\u00e9rgenos suspensos no ar, o que favorece processos inflamat\u00f3rios e infecciosos nas vias a\u00e9reas, principalmente em indiv\u00edduos com doen\u00e7a respirat\u00f3ria pr\u00e9via\u201d, explica.<\/p>\n<p>Crian\u00e7as e idosos fazem parte dos grupos mais vulner\u00e1veis durante a esta\u00e7\u00e3o seca. Nas crian\u00e7as, o sistema imunol\u00f3gico ainda est\u00e1 em desenvolvimento, e as vias respirat\u00f3rias melhoram, favorecendo a obstru\u00e7\u00e3o quando h\u00e1 inflama\u00e7\u00e3o. J\u00e1 os idosos, al\u00e9m de apresentarem uma resposta imunol\u00f3gica menos eficiente, muitas vezes t\u00eam doen\u00e7as cr\u00f4nicas associadas, como insufici\u00eancia card\u00edaca, doen\u00e7a pulmonar obstrutiva cr\u00f4nica (DPOC) e diabetes, que agravam o impacto das doen\u00e7as respirat\u00f3rias.<\/p>\n<p>Segundo o pneumologista Thiago Fuscaldi, as principais medidas de preven\u00e7\u00e3o incluem manter boa hidrata\u00e7\u00e3o oral, realizar higieniza\u00e7\u00e3o nasal com soro fisiol\u00f3gico, umidificar os ambientes internos com bacias d&#8217;\u00e1gua ou umidificadores, evitar a poeira e fuma\u00e7a, manter as vacinas atualizadas (especialmente contra Covid, influenza e pneumonia) e evitar aglomera\u00e7\u00f5es em exposi\u00e7\u00e3o local. \u201cEm pacientes com doen\u00e7as respirat\u00f3rias cr\u00f4nicas, \u00e9 essencial o uso regular das medica\u00e7\u00f5es de controle e o acompanhamento m\u00e9dico para ajustes conforme a sazonalidade\u201d, afirma.<\/p>\n","protected":false},"excerpt":{"rendered":"<p>Em Bras\u00edlia, o final do m\u00eas de maio \u00e9 marcado pela incid\u00eancia de baixas temperaturas e redu\u00e7\u00e3o da umidade relativa do ar. Durante este per\u00edodo, doen\u00e7as como rinossinusites, faringites, laringites, bronquites e crises de asma aparecem com mais frequ\u00eancia na popula\u00e7\u00e3o. O ar frio e seco interfere nos n\u00edveis de elimina\u00e7\u00e3o da mucosa das vias [&hellip;]<\/p>\n","protected":false},"author":2,"featured_media":354265,"comment_status":"closed","ping_status":"closed","sticky":false,"template":"","format":"standard","meta":{"_acf_changed":false,"footnotes":""},"categories":[161],"tags":[],"class_list":["post-354264","post","type-post","status-publish","format-standard","has-post-thumbnail","hentry","category-quadradinho-em-foco"],"acf":[],"_links":{"self":[{"href":"https:\/\/www.notibras.com\/site\/wp-json\/wp\/v2\/posts\/354264","targetHints":{"allow":["GET"]}}],"collection":[{"href":"https:\/\/www.notibras.com\/site\/wp-json\/wp\/v2\/posts"}],"about":[{"href":"https:\/\/www.notibras.com\/site\/wp-json\/wp\/v2\/types\/post"}],"author":[{"embeddable":true,"href":"https:\/\/www.notibras.com\/site\/wp-json\/wp\/v2\/users\/2"}],"replies":[{"embeddable":true,"href":"https:\/\/www.notibras.com\/site\/wp-json\/wp\/v2\/comments?post=354264"}],"version-history":[{"count":1,"href":"https:\/\/www.notibras.com\/site\/wp-json\/wp\/v2\/posts\/354264\/revisions"}],"predecessor-version":[{"id":354266,"href":"https:\/\/www.notibras.com\/site\/wp-json\/wp\/v2\/posts\/354264\/revisions\/354266"}],"wp:featuredmedia":[{"embeddable":true,"href":"https:\/\/www.notibras.com\/site\/wp-json\/wp\/v2\/media\/354265"}],"wp:attachment":[{"href":"https:\/\/www.notibras.com\/site\/wp-json\/wp\/v2\/media?parent=354264"}],"wp:term":[{"taxonomy":"category","embeddable":true,"href":"https:\/\/www.notibras.com\/site\/wp-json\/wp\/v2\/categories?post=354264"},{"taxonomy":"post_tag","embeddable":true,"href":"https:\/\/www.notibras.com\/site\/wp-json\/wp\/v2\/tags?post=354264"}],"curies":[{"name":"wp","href":"https:\/\/api.w.org\/{rel}","templated":true}]}}