{"id":354282,"date":"2025-05-22T00:00:23","date_gmt":"2025-05-22T03:00:23","guid":{"rendered":"https:\/\/www.notibras.com\/site\/?p=354282"},"modified":"2025-05-22T04:36:36","modified_gmt":"2025-05-22T07:36:36","slug":"inscricoes-para-olimpiada-mirim-de-matematica-vao-ate-10-de-junho","status":"publish","type":"post","link":"https:\/\/www.notibras.com\/site\/inscricoes-para-olimpiada-mirim-de-matematica-vao-ate-10-de-junho\/","title":{"rendered":"Inscri\u00e7\u00f5es para Olimp\u00edada Mirim de Matem\u00e1tica v\u00e3o at\u00e9 10 de junho"},"content":{"rendered":"<p>Terminam no dia 10 de junho, as inscri\u00e7\u00f5es para a 4\u00aa Olimp\u00edada Mirim de Matem\u00e1tica direcionada a alunos do 2\u00ba ao 5\u00ba ano do Ensino Fundamental. Criada pelo Instituto de Matem\u00e1tica Pura e Aplicada (Impa) ), a competi\u00e7\u00e3o \u00e9 aberta para escolas p\u00fablicas e privadas de todo o pa\u00eds.<\/p>\n<p>Nas tr\u00eas edi\u00e7\u00f5es anteriores, quase 11 milh\u00f5es de alunos participaram da competi\u00e7\u00e3o que tamb\u00e9m envolve professores, como explica o diretor-geral do Impa, Marcelo Viana.<\/p>\n<p>\u201cA Olimp\u00edada Mirim est\u00e1 voltada tanto para as crian\u00e7as dos anos iniciais quanto para seus professores, visando levar a matem\u00e1tica para dentro da sala de aula numa perspectiva l\u00fadica e instigante\u201d.<\/p>\n<p>Ao despertar o interesse pela matem\u00e1tica logo na inf\u00e2ncia, a Impa contribui para formar uma gera\u00e7\u00e3o mais preparada para os desafios do s\u00e9culo 21. \u201cAcreditamos que a educa\u00e7\u00e3o \u00e9 um dos caminhos mais potentes para a transforma\u00e7\u00e3o social. Apoiar a Olimp\u00edada Mirim \u00e9 uma forma de estimular o interesse das crian\u00e7as pela matem\u00e1tica desde cedo, contribuindo para o desenvolvimento de habilidades fundamentais e para a redu\u00e7\u00e3o das desigualdades educacionais no pa\u00eds\u201d, diz Fabiana Prianti, da \u00e1rea de investimento da B3 Social, associa\u00e7\u00e3o sem fins lucrativos que atua no campo social, com foco em reduzir desigualdades sociais e contribuir para o desenvolvimento sustent\u00e1vel. Eles financiam projetos sociais atrav\u00e9s de doa\u00e7\u00f5es diretas e leis de incentivo fiscal.<\/p>\n<p>Um exemplo do impacto da Olimp\u00edada Mirim \u00e9 o estudante Guilherme Dangi\u00f3, de 11 anos, morador do Rio de Janeiro. Vencedor de uma medalha de prata em 2024 e de ouro em 2023, ele conta como a experi\u00eancia tem impulsionado sua trajet\u00f3ria escolar.<\/p>\n<p>\u201cAs Olimp\u00edadas oferecem um desafio maior do que na escola e s\u00e3o muito importantes para o nosso desenvolvimento acad\u00eamico. Uma medalha pode fazer diferen\u00e7a no curr\u00edculo e mudar a nossa vida\u201d, afirma Guilherme, que ingressou neste ano no 6\u00ba ano do Ensino Fundamental.<\/p>\n<p><strong>Prova<\/strong><br \/>\nRealizada em duas fases, as provas da Olimp\u00edada Mirim-Obmep s\u00e3o aplicadas pelas escolas. A 1\u00aa etapa ser\u00e1 em 26 de agosto e consiste em uma prova classificat\u00f3ria composta de 15 quest\u00f5es objetivas (m\u00faltipla escolha). Estudantes classificados nesta etapa poder\u00e3o participar da 2\u00aa fase, em 11 de novembro. A prova tamb\u00e9m \u00e9 composta de 15 quest\u00f5es objetivas.<\/p>\n<p>A Olimp\u00edada Mirim vai disponibilizar certificados digitais correspondentes a medalhas de ouro, prata e bronze. \u201cA iniciativa tem se consolidado como um importante est\u00edmulo ao racioc\u00ednio l\u00f3gico e matem\u00e1tico entre alunos do 2\u00ba ao 5\u00ba ano do Ensino Fundamental. Esperamos uma participa\u00e7\u00e3o expressiva de escolas p\u00fablicas e privadas de todo pa\u00eds em mais esta edi\u00e7\u00e3o\u201d, informa o diretor-adjunto e gerente de olimp\u00edadas do Impa, Jorge Vit\u00f3rio Pereira.<\/p>\n<p><strong>Inscri\u00e7\u00f5es<\/strong><br \/>\nAs inscri\u00e7\u00f5es devem ser feitas exclusivamente pelas escolas p\u00fablicas municipais, estaduais, federais, secretarias de educa\u00e7\u00e3o e pelas unidades privadas at\u00e9 10 de junho. \u00c9 necess\u00e1rio acessar o site olimpiadamirim.obmep.org.br e utilizar o c\u00f3digo MEC\/INEP para cadastrar uma senha. O acesso \u00e0 \u00e1rea restrita ser\u00e1 feito a partir do login (c\u00f3digo MEC\/INEP) e senha criada no ato de inscri\u00e7\u00e3o.<\/p>\n<p>A inscri\u00e7\u00e3o das escolas p\u00fablicas \u00e9 gratuita. Para as escolas privadas, \u00e9 necess\u00e1rio pagar a taxa de inscri\u00e7\u00e3o no prazo estipulado. No ato de inscri\u00e7\u00e3o, o respons\u00e1vel pela candidatura deve informar o n\u00famero total de alunos participantes por n\u00edvel: Mirim 1 e Mirim 2. N\u00e3o \u00e9 necess\u00e1rio fazer a inscri\u00e7\u00e3o nominal de cada estudante.<\/p>\n","protected":false},"excerpt":{"rendered":"<p>Terminam no dia 10 de junho, as inscri\u00e7\u00f5es para a 4\u00aa Olimp\u00edada Mirim de Matem\u00e1tica direcionada a alunos do 2\u00ba ao 5\u00ba ano do Ensino Fundamental. Criada pelo Instituto de Matem\u00e1tica Pura e Aplicada (Impa) ), a competi\u00e7\u00e3o \u00e9 aberta para escolas p\u00fablicas e privadas de todo o pa\u00eds. Nas tr\u00eas edi\u00e7\u00f5es anteriores, quase 11 [&hellip;]<\/p>\n","protected":false},"author":2,"featured_media":354284,"comment_status":"closed","ping_status":"closed","sticky":false,"template":"","format":"standard","meta":{"_acf_changed":false,"footnotes":""},"categories":[161],"tags":[],"class_list":["post-354282","post","type-post","status-publish","format-standard","has-post-thumbnail","hentry","category-quadradinho-em-foco"],"acf":[],"_links":{"self":[{"href":"https:\/\/www.notibras.com\/site\/wp-json\/wp\/v2\/posts\/354282","targetHints":{"allow":["GET"]}}],"collection":[{"href":"https:\/\/www.notibras.com\/site\/wp-json\/wp\/v2\/posts"}],"about":[{"href":"https:\/\/www.notibras.com\/site\/wp-json\/wp\/v2\/types\/post"}],"author":[{"embeddable":true,"href":"https:\/\/www.notibras.com\/site\/wp-json\/wp\/v2\/users\/2"}],"replies":[{"embeddable":true,"href":"https:\/\/www.notibras.com\/site\/wp-json\/wp\/v2\/comments?post=354282"}],"version-history":[{"count":2,"href":"https:\/\/www.notibras.com\/site\/wp-json\/wp\/v2\/posts\/354282\/revisions"}],"predecessor-version":[{"id":354286,"href":"https:\/\/www.notibras.com\/site\/wp-json\/wp\/v2\/posts\/354282\/revisions\/354286"}],"wp:featuredmedia":[{"embeddable":true,"href":"https:\/\/www.notibras.com\/site\/wp-json\/wp\/v2\/media\/354284"}],"wp:attachment":[{"href":"https:\/\/www.notibras.com\/site\/wp-json\/wp\/v2\/media?parent=354282"}],"wp:term":[{"taxonomy":"category","embeddable":true,"href":"https:\/\/www.notibras.com\/site\/wp-json\/wp\/v2\/categories?post=354282"},{"taxonomy":"post_tag","embeddable":true,"href":"https:\/\/www.notibras.com\/site\/wp-json\/wp\/v2\/tags?post=354282"}],"curies":[{"name":"wp","href":"https:\/\/api.w.org\/{rel}","templated":true}]}}