{"id":354290,"date":"2025-05-22T00:02:38","date_gmt":"2025-05-22T03:02:38","guid":{"rendered":"https:\/\/www.notibras.com\/site\/?p=354290"},"modified":"2025-05-22T04:56:15","modified_gmt":"2025-05-22T07:56:15","slug":"estacao-de-metro-homenageia-os-profissionais-da-enfermagem","status":"publish","type":"post","link":"https:\/\/www.notibras.com\/site\/estacao-de-metro-homenageia-os-profissionais-da-enfermagem\/","title":{"rendered":"Esta\u00e7\u00e3o de metr\u00f4 homenageia os profissionais da enfermagem"},"content":{"rendered":"<p>Quem passar pela Esta\u00e7\u00e3o 108 poder\u00e1 conferir, no corredor de acesso e na plataforma da esta\u00e7\u00e3o, a beleza e o significado de dois pain\u00e9is, al\u00e9m de uma exposi\u00e7\u00e3o tempor\u00e1ria de uma boneca de gesso em tamanho gigante, todos feitos em homenagem \u00e0 enfermeira Anna Nery e a todos os profissionais da \u00e1rea representados por ela.<\/p>\n<p>A proposta de celebrar a rotina da categoria \u2013 por meio de um tributo \u00e0 enfermeira nascida em Cachoeira, no Rec\u00f4ncavo Baiano \u2013 \u00e9 fruto de uma parceria da Companhia do Metropolitano do Distrito Federal (Metr\u00f4-DF) com o Conselho Federal de Enfermagem (Cofen), que escolheu esta esta\u00e7\u00e3o especifica para expor as obras de arte, justamente, porque ser\u00e1 inaugurado, em 11 de julho, naquela quadra, a sede do conselho, batizada com o nome dessa profissional.<\/p>\n<p>\u201cO Metr\u00f4-DF tem uma responsabilidade, designada pelo governador Ibaneis Rocha, que \u00e9 atender as pessoas, da melhor maneira poss\u00edvel, no seu tr\u00e2nsito cotidiano, de ir e voltar para sua casa e para o trabalho. E, assim, eu vejo uma correla\u00e7\u00e3o com a enfermagem, que tem como ess\u00eancia o cuidado com as pessoas\u201d, considera o presidente da companhia, Handerson Cabral. \u201cAssim, estamos, conjuntamente, buscando transformar essa esta\u00e7\u00e3o em uma mem\u00f3ria viva daqueles que batalham pela enfermagem e que trabalham pela sa\u00fade das pessoas\u201d, acrescenta.<\/p>\n<p>Os pain\u00e9is A grandeza da enfermagem se mostra todos os dias e Enfermeira Anna Nery &#8211; A patrona da enfermagem no Brasil s\u00e3o assinados por Mikael Guedes de Oliveira, o Omik, grafiteiro e artista pl\u00e1stico nascido em Bras\u00edlia e que ficou conhecido em todo o mundo por transformar espa\u00e7os urbanos em um verdadeiro museu a c\u00e9u aberto.<\/p>\n<p>\u201cAnna Nery mudou uma gera\u00e7\u00e3o e passou a ser um espelho da luta di\u00e1ria de tantas mulheres que hoje s\u00e3o enfermeiras e t\u00e9cnicas de enfermagem\u201d, lembrou a vice-governadora do Distrito Federal, Celina Le\u00e3o, durante a cerim\u00f4nia de entrega das obras. Ela lembrou que a enfermeira se tornou figura not\u00e1vel, especialmente, por seu trabalho humanit\u00e1rio durante a Guerra do Paraguai, entre 1864 e 1870, quando foi ao campo de batalha para cuidar dos soldados feridos. Sua atua\u00e7\u00e3o n\u00e3o apenas salvou vidas, mas ajudou a consolidar os alicerces da profiss\u00e3o no Brasil.<\/p>\n<p>Al\u00e9m da vice-governadora e do presidente do Metr\u00f4-DF, participaram da inaugura\u00e7\u00e3o da escultura em gesso e dos pain\u00e9is a deputada distrital Dayse Amarilio, a deputada federal Ana Paula Junqueira e de representantes do Coren, do Cofen e do Sindate.<\/p>\n","protected":false},"excerpt":{"rendered":"<p>Quem passar pela Esta\u00e7\u00e3o 108 poder\u00e1 conferir, no corredor de acesso e na plataforma da esta\u00e7\u00e3o, a beleza e o significado de dois pain\u00e9is, al\u00e9m de uma exposi\u00e7\u00e3o tempor\u00e1ria de uma boneca de gesso em tamanho gigante, todos feitos em homenagem \u00e0 enfermeira Anna Nery e a todos os profissionais da \u00e1rea representados por ela. [&hellip;]<\/p>\n","protected":false},"author":2,"featured_media":354292,"comment_status":"closed","ping_status":"closed","sticky":false,"template":"","format":"standard","meta":{"_acf_changed":false,"footnotes":""},"categories":[161],"tags":[],"class_list":["post-354290","post","type-post","status-publish","format-standard","has-post-thumbnail","hentry","category-quadradinho-em-foco"],"acf":[],"_links":{"self":[{"href":"https:\/\/www.notibras.com\/site\/wp-json\/wp\/v2\/posts\/354290","targetHints":{"allow":["GET"]}}],"collection":[{"href":"https:\/\/www.notibras.com\/site\/wp-json\/wp\/v2\/posts"}],"about":[{"href":"https:\/\/www.notibras.com\/site\/wp-json\/wp\/v2\/types\/post"}],"author":[{"embeddable":true,"href":"https:\/\/www.notibras.com\/site\/wp-json\/wp\/v2\/users\/2"}],"replies":[{"embeddable":true,"href":"https:\/\/www.notibras.com\/site\/wp-json\/wp\/v2\/comments?post=354290"}],"version-history":[{"count":1,"href":"https:\/\/www.notibras.com\/site\/wp-json\/wp\/v2\/posts\/354290\/revisions"}],"predecessor-version":[{"id":354293,"href":"https:\/\/www.notibras.com\/site\/wp-json\/wp\/v2\/posts\/354290\/revisions\/354293"}],"wp:featuredmedia":[{"embeddable":true,"href":"https:\/\/www.notibras.com\/site\/wp-json\/wp\/v2\/media\/354292"}],"wp:attachment":[{"href":"https:\/\/www.notibras.com\/site\/wp-json\/wp\/v2\/media?parent=354290"}],"wp:term":[{"taxonomy":"category","embeddable":true,"href":"https:\/\/www.notibras.com\/site\/wp-json\/wp\/v2\/categories?post=354290"},{"taxonomy":"post_tag","embeddable":true,"href":"https:\/\/www.notibras.com\/site\/wp-json\/wp\/v2\/tags?post=354290"}],"curies":[{"name":"wp","href":"https:\/\/api.w.org\/{rel}","templated":true}]}}