{"id":354294,"date":"2025-05-22T00:00:02","date_gmt":"2025-05-22T03:00:02","guid":{"rendered":"https:\/\/www.notibras.com\/site\/?p=354294"},"modified":"2025-05-22T05:03:03","modified_gmt":"2025-05-22T08:03:03","slug":"publico-celebra-dia-da-diversidade-cultural-com-shows-gratuitos","status":"publish","type":"post","link":"https:\/\/www.notibras.com\/site\/publico-celebra-dia-da-diversidade-cultural-com-shows-gratuitos\/","title":{"rendered":"P\u00fablico celebra Dia da Diversidade Cultural com shows gratuitos"},"content":{"rendered":"<p>Bahia, Rio de Janeiro, Mato Grosso do Sul\u2026 artistas de diversos cantos reuniram-se, nesta quarta-feira (21), na Pra\u00e7a dos Tr\u00eas Poderes, para celebrar o Dia Mundial da Diversidade Cultural. O evento contou com shows de Maria Gad\u00fa, Ana Castela, Diogo Nogueira, Bell Marques e Frejat, al\u00e9m de palestras e exposi\u00e7\u00f5es.<\/p>\n<p>\u201cPelo que a gente pesquisou, \u00e9 a primeira vez na hist\u00f3ria dessa pra\u00e7a que ela recebe um evento cultural deste porte. Ent\u00e3o, acho que foi um alinhamento de situa\u00e7\u00f5es que nos propiciou estar nesse momento, com fam\u00edlias, com crian\u00e7as, shows diversos, da MPB ao rock, passando pelo sertanejo, pelo ax\u00e9 e pelo samba. E essa diversidade, esse sucesso todo, \u00e9 fruto de todo mundo querendo uma s\u00f3 coisa, dar vida para a Pra\u00e7a dos Tr\u00eas Poderes, mostrar que aqui \u00e9 um lugar de alegria, um lugar de democracia, de as pessoas serem felizes, e eu acho que a gente conseguiu isso\u201d, exaltou o secret\u00e1rio de Cultura e Economia Criativa, Claudio Abrantes.<\/p>\n<p>A organiza\u00e7\u00e3o foi fruto de uma parceria entre Secretaria de Economia Criativa do Distrito Federal, o Supremo Tribunal Federal (STF) e o Instituto Integra Mais Um, com apoio da Secretaria de Rela\u00e7\u00f5es Internacionais e da Casa Civil do DF. \u201cN\u00f3s trouxemos as embaixadas aqui para fazer apresenta\u00e7\u00f5es culturais neste Dia Mundial da Diversidade. E hoje n\u00f3s pudemos ver que todos convivem em paz, com essa pra\u00e7a totalmente lotada e dando uma festa deste tamanho\u201d, destacou o secret\u00e1rio de Rela\u00e7\u00f5es Internacionais, Paco Britto.<\/p>\n<p>O valor do edital de chamamento da festa foi de R$ 3,5 milh\u00f5es. \u201c\u00c9 um investimento, o que aplicou-se aqui, pode ter certeza, que \u00e9 revertido em recursos no cofre do GDF mesmo, na parte de hotelaria, na parte de estrutura, de empregos diretos e indiretos, em publicidade\u2026 Ent\u00e3o, Bras\u00edlia, cada vez mais, se torna esse grande centro de eventos\u201d, adicionou o secret\u00e1rio Claudio Abrantes.<\/p>\n<p>A popula\u00e7\u00e3o abra\u00e7ou a ideia do evento e preencheu a Pra\u00e7a dos Tr\u00eas Poderes. A aut\u00f4noma Elaine Arag\u00e3o, 46 anos, foi com a filha, Let\u00edcia Valentina, 11. \u201c\u00c9 o primeiro show com ela, \u00e0s vezes eu quero levar, mas fico meio assim. Hoje, como eu vi que tinha muita seguran\u00e7a, vim lendo a semana toda, falei \u2018vamos l\u00e1\u2019. Ela veio ver Ana Castela e eu, Maria Gad\u00fa\u201d, contou a m\u00e3e. \u201cGosto muito da m\u00fasica dela, \u00e9 a minha cantora favorita\u201d, completou a pequena, sobre a sertaneja.<\/p>\n<p>A estudante Mayza Carvalho, 17, tamb\u00e9m \u00e9 f\u00e3 de Maria Gad\u00fa, mas elogiou a programa\u00e7\u00e3o como um todo. \u201cEst\u00e1 sendo uma coisa bem legal, faz muito tempo que eu n\u00e3o vou a um festival assim, e est\u00e1 sendo bem divertido\u201d, avaliou. J\u00e1 o pai dela, o empres\u00e1rio Rog\u00e9rio Ayres, 52, aprovou o local escolhido para a festa: \u201cFizeram em um lugar bonito, tem o Pante\u00e3o aqui, que eu vinha quando era moleque, ent\u00e3o estou relembrando os bons tempos. \u00c9 muito bacana\u201d.<\/p>\n<p><strong>Palestras e mais atra\u00e7\u00f5es<\/strong><br \/>\nDesde cedo, o p\u00fablico p\u00f4de conferir atividades diversas. A programa\u00e7\u00e3o do evento contemplou, entre outras coisas, oficinas, rodas de bate-papo e a\u00e7\u00f5es de media\u00e7\u00e3o art\u00edstica em paralelo aos shows, com espa\u00e7o para debates sobre diversidade cultural e economia criativa.<\/p>\n<p>Entre as atra\u00e7\u00f5es, estiveram uma palestra do presidente da Central \u00danica das Favelas (Cufa), Preto Zez\u00e9, no Sal\u00e3o de Exposi\u00e7\u00e3o Cultural; o Boi de Seu Teodoro, patrim\u00f4nio imaterial do DF, no Sal\u00e3o da Diversidade; apresenta\u00e7\u00f5es de embaixadas; exposi\u00e7\u00e3o de artesanato local; batalha de rimas; e op\u00e7\u00f5es gastron\u00f4micas.<\/p>\n<p>Para garantir conforto e seguran\u00e7a ao p\u00fablico, o acesso foi regulado por meio de ingressos obtidos pela plataforma Sympla (limitados a um por CPF). A Pol\u00edcia Militar do DF e uma equipe de seguran\u00e7a privada garantiram a revista na entrada. Tamb\u00e9m houve uma \u00e1rea reservada para pessoas com defici\u00eancia (PCDs).<\/p>\n","protected":false},"excerpt":{"rendered":"<p>Bahia, Rio de Janeiro, Mato Grosso do Sul\u2026 artistas de diversos cantos reuniram-se, nesta quarta-feira (21), na Pra\u00e7a dos Tr\u00eas Poderes, para celebrar o Dia Mundial da Diversidade Cultural. O evento contou com shows de Maria Gad\u00fa, Ana Castela, Diogo Nogueira, Bell Marques e Frejat, al\u00e9m de palestras e exposi\u00e7\u00f5es. \u201cPelo que a gente pesquisou, [&hellip;]<\/p>\n","protected":false},"author":2,"featured_media":354295,"comment_status":"closed","ping_status":"closed","sticky":false,"template":"","format":"standard","meta":{"_acf_changed":false,"footnotes":""},"categories":[161],"tags":[],"class_list":["post-354294","post","type-post","status-publish","format-standard","has-post-thumbnail","hentry","category-quadradinho-em-foco"],"acf":[],"_links":{"self":[{"href":"https:\/\/www.notibras.com\/site\/wp-json\/wp\/v2\/posts\/354294","targetHints":{"allow":["GET"]}}],"collection":[{"href":"https:\/\/www.notibras.com\/site\/wp-json\/wp\/v2\/posts"}],"about":[{"href":"https:\/\/www.notibras.com\/site\/wp-json\/wp\/v2\/types\/post"}],"author":[{"embeddable":true,"href":"https:\/\/www.notibras.com\/site\/wp-json\/wp\/v2\/users\/2"}],"replies":[{"embeddable":true,"href":"https:\/\/www.notibras.com\/site\/wp-json\/wp\/v2\/comments?post=354294"}],"version-history":[{"count":1,"href":"https:\/\/www.notibras.com\/site\/wp-json\/wp\/v2\/posts\/354294\/revisions"}],"predecessor-version":[{"id":354296,"href":"https:\/\/www.notibras.com\/site\/wp-json\/wp\/v2\/posts\/354294\/revisions\/354296"}],"wp:featuredmedia":[{"embeddable":true,"href":"https:\/\/www.notibras.com\/site\/wp-json\/wp\/v2\/media\/354295"}],"wp:attachment":[{"href":"https:\/\/www.notibras.com\/site\/wp-json\/wp\/v2\/media?parent=354294"}],"wp:term":[{"taxonomy":"category","embeddable":true,"href":"https:\/\/www.notibras.com\/site\/wp-json\/wp\/v2\/categories?post=354294"},{"taxonomy":"post_tag","embeddable":true,"href":"https:\/\/www.notibras.com\/site\/wp-json\/wp\/v2\/tags?post=354294"}],"curies":[{"name":"wp","href":"https:\/\/api.w.org\/{rel}","templated":true}]}}