{"id":354325,"date":"2025-05-22T07:00:24","date_gmt":"2025-05-22T10:00:24","guid":{"rendered":"https:\/\/www.notibras.com\/site\/?p=354325"},"modified":"2025-05-22T07:00:24","modified_gmt":"2025-05-22T10:00:24","slug":"frutas-e-sabores-mostram-a-riqueza-da-doce-gastronomia-nordestina","status":"publish","type":"post","link":"https:\/\/www.notibras.com\/site\/frutas-e-sabores-mostram-a-riqueza-da-doce-gastronomia-nordestina\/","title":{"rendered":"Frutas e sabores mostram a riqueza da doce gastronomia nordestina"},"content":{"rendered":"<p>No Nordeste, as esta\u00e7\u00f5es do ano n\u00e3o ditam o que vai \u00e0 mesa \u2014 \u00e9 o sabor da terra que comanda o card\u00e1pio. E que terra! Vermelha, quente, generosa, feita de sol e suor. Por aqui, as frutas n\u00e3o t\u00eam hora certa para nascer, porque o tempo \u00e9 s\u00f3 um detalhe para quem aprendeu a cultivar fartura em meio \u00e0 seca.<\/p>\n<p>Quem nunca se rendeu ao doce da manga rosa madura, que escorre pelos dedos e faz a gente voltar \u00e0 inf\u00e2ncia? Ou ao cheiro do caju fresco, que invade as feiras livres, colorindo os olhos e o paladar com aquele azedinho caracter\u00edstico, perfeito para virar suco, doce ou a famosa cacha\u00e7a artesanal? O caju \u00e9 quase um s\u00edmbolo da criatividade nordestina \u2014 d\u00e1 castanha, d\u00e1 licor, d\u00e1 hist\u00f3ria.<\/p>\n<p>Tem ainda a seriguela, mi\u00fada e atrevida, que vem em pencas nos fins de tarde, disputada por m\u00e3os apressadas. E a graviola, com sua polpa branca e sabor suave, que vira sorvete, mousse ou rem\u00e9dio para alma. O umbu, obuzeiro do sert\u00e3o, tem raiz profunda e resist\u00eancia ancestral. Doce ou curtido no sal, \u00e9 s\u00edmbolo de um povo que sabe transformar o pouco em muito.<\/p>\n<p>Na culin\u00e1ria nordestina, cada fruta vira prato, cada sabor vira afeto. O abacaxi ganha um toque de pimenta e vira acompanhamento. A banana-da-terra vai \u00e0 frigideira e se transforma em manjar. A melancia, enorme e refrescante, \u00e9 rainha das feiras, sempre ao lado da voz do feirante que sabe exatamente quando ela est\u00e1 no ponto.<\/p>\n<p>E n\u00e3o importa se \u00e9 ver\u00e3o ou inverno, chuva ou sol: a gastronomia nordestina \u00e9 atemporal porque nasceu da sabedoria popular, de receitas passadas de gera\u00e7\u00e3o em gera\u00e7\u00e3o, com pitadas de improviso e muito amor. Cada fruta carrega uma mem\u00f3ria, um jeito de fazer, uma av\u00f3 que ensinou a receita no olho, sem pressa, enquanto contava causos do tempo do r\u00e1dio de pilha.<\/p>\n<p>Consumir os sabores da regi\u00e3o em toda esta\u00e7\u00e3o \u00e9 mais do que uma escolha \u2014 \u00e9 um jeito de viver o Nordeste com todos os sentidos. Porque, por aqui, o que se planta \u00e9 mais do que alimento: \u00e9 cultura, \u00e9 identidade, \u00e9 resist\u00eancia.<\/p>\n","protected":false},"excerpt":{"rendered":"<p>No Nordeste, as esta\u00e7\u00f5es do ano n\u00e3o ditam o que vai \u00e0 mesa \u2014 \u00e9 o sabor da terra que comanda o card\u00e1pio. E que terra! Vermelha, quente, generosa, feita de sol e suor. Por aqui, as frutas n\u00e3o t\u00eam hora certa para nascer, porque o tempo \u00e9 s\u00f3 um detalhe para quem aprendeu a [&hellip;]<\/p>\n","protected":false},"author":2,"featured_media":354326,"comment_status":"closed","ping_status":"closed","sticky":false,"template":"","format":"standard","meta":{"_acf_changed":false,"footnotes":""},"categories":[165],"tags":[],"class_list":["post-354325","post","type-post","status-publish","format-standard","has-post-thumbnail","hentry","category-nordeste"],"acf":[],"_links":{"self":[{"href":"https:\/\/www.notibras.com\/site\/wp-json\/wp\/v2\/posts\/354325","targetHints":{"allow":["GET"]}}],"collection":[{"href":"https:\/\/www.notibras.com\/site\/wp-json\/wp\/v2\/posts"}],"about":[{"href":"https:\/\/www.notibras.com\/site\/wp-json\/wp\/v2\/types\/post"}],"author":[{"embeddable":true,"href":"https:\/\/www.notibras.com\/site\/wp-json\/wp\/v2\/users\/2"}],"replies":[{"embeddable":true,"href":"https:\/\/www.notibras.com\/site\/wp-json\/wp\/v2\/comments?post=354325"}],"version-history":[{"count":1,"href":"https:\/\/www.notibras.com\/site\/wp-json\/wp\/v2\/posts\/354325\/revisions"}],"predecessor-version":[{"id":354327,"href":"https:\/\/www.notibras.com\/site\/wp-json\/wp\/v2\/posts\/354325\/revisions\/354327"}],"wp:featuredmedia":[{"embeddable":true,"href":"https:\/\/www.notibras.com\/site\/wp-json\/wp\/v2\/media\/354326"}],"wp:attachment":[{"href":"https:\/\/www.notibras.com\/site\/wp-json\/wp\/v2\/media?parent=354325"}],"wp:term":[{"taxonomy":"category","embeddable":true,"href":"https:\/\/www.notibras.com\/site\/wp-json\/wp\/v2\/categories?post=354325"},{"taxonomy":"post_tag","embeddable":true,"href":"https:\/\/www.notibras.com\/site\/wp-json\/wp\/v2\/tags?post=354325"}],"curies":[{"name":"wp","href":"https:\/\/api.w.org\/{rel}","templated":true}]}}