{"id":354336,"date":"2025-05-22T00:00:25","date_gmt":"2025-05-22T03:00:25","guid":{"rendered":"https:\/\/www.notibras.com\/site\/?p=354336"},"modified":"2025-05-22T07:31:28","modified_gmt":"2025-05-22T10:31:28","slug":"veja-como-regularizar-na-justica-o-titulo-eleitoral-cancelado","status":"publish","type":"post","link":"https:\/\/www.notibras.com\/site\/veja-como-regularizar-na-justica-o-titulo-eleitoral-cancelado\/","title":{"rendered":"Veja como regularizar na Justi\u00e7a o t\u00edtulo eleitoral cancelado"},"content":{"rendered":"<p>Quem teve o t\u00edtulo cancelado pela Justi\u00e7a Eleitoral ainda pode requerer a regulariza\u00e7\u00e3o do documento, evitando assim impedimentos como o de votar e ser votado.<\/p>\n<p>Na segunda-feira (19), o Tribunal Superior Eleitoral (TSE) informou que mais de 5 milh\u00f5es de t\u00edtulos foram cancelados pois seus detentores faltaram \u00e0s tr\u00eas \u00faltimas elei\u00e7\u00f5es de vota\u00e7\u00e3o obrigat\u00f3ria e n\u00e3o justificaram a aus\u00eancia ou pagaram a multa estipulada pela legisla\u00e7\u00e3o.<\/p>\n<p>Al\u00e9m de n\u00e3o poder participar do pleito, seja votando ou sendo votado, o cidad\u00e3o com t\u00edtulo cancelado fica sujeito a uma s\u00e9rie de impedimentos, n\u00e3o podendo tomar posse em concursos p\u00fablicos, renovar matr\u00edcula em institui\u00e7\u00f5es de ensino p\u00fablica ou tirar passaporte.<\/p>\n<p>Para regularizar, o eleitor deve primeiro checar a situa\u00e7\u00e3o de seu t\u00edtulo, presencialmente no cart\u00f3rio eleitoral de seu domic\u00edlio eleitoral ou no autoatendimento pela internet. Se for confirmado o cancelamento, o cidad\u00e3o pode protocolar um requerimento para que o documento seja regularizado fora do prazo.<\/p>\n<p>\u00c9 necess\u00e1rio justificar, de prefer\u00eancia com provas documentais, a aus\u00eancia nos pleitos de comparecimento obrigat\u00f3rio, ou pagar as multas correspondentes. Tamb\u00e9m n\u00e3o adianta somente cumprir as exig\u00eancias, sendo imprevis\u00edvel tamb\u00e9m preencher o requerimento espec\u00edfico, seja no pr\u00f3prio cart\u00f3rio ou no autoatendimento online, clicando na op\u00e7\u00e3o T\u00edtulo Eleitoral e, depois, em op\u00e7\u00e3o 6.<\/p>\n<p>A verifica\u00e7\u00e3o e o cancelamento de t\u00edtulos irregulares ocorrem sempre em anos n\u00e3o eleitorais, como forma de manter atualizado o cadastro nacional de eleitores e conforme determina a legisla\u00e7\u00e3o eleitoral.<\/p>\n","protected":false},"excerpt":{"rendered":"<p>Quem teve o t\u00edtulo cancelado pela Justi\u00e7a Eleitoral ainda pode requerer a regulariza\u00e7\u00e3o do documento, evitando assim impedimentos como o de votar e ser votado. Na segunda-feira (19), o Tribunal Superior Eleitoral (TSE) informou que mais de 5 milh\u00f5es de t\u00edtulos foram cancelados pois seus detentores faltaram \u00e0s tr\u00eas \u00faltimas elei\u00e7\u00f5es de vota\u00e7\u00e3o obrigat\u00f3ria e [&hellip;]<\/p>\n","protected":false},"author":2,"featured_media":354337,"comment_status":"closed","ping_status":"closed","sticky":false,"template":"","format":"standard","meta":{"_acf_changed":false,"footnotes":""},"categories":[165],"tags":[],"class_list":["post-354336","post","type-post","status-publish","format-standard","has-post-thumbnail","hentry","category-nordeste"],"acf":[],"_links":{"self":[{"href":"https:\/\/www.notibras.com\/site\/wp-json\/wp\/v2\/posts\/354336","targetHints":{"allow":["GET"]}}],"collection":[{"href":"https:\/\/www.notibras.com\/site\/wp-json\/wp\/v2\/posts"}],"about":[{"href":"https:\/\/www.notibras.com\/site\/wp-json\/wp\/v2\/types\/post"}],"author":[{"embeddable":true,"href":"https:\/\/www.notibras.com\/site\/wp-json\/wp\/v2\/users\/2"}],"replies":[{"embeddable":true,"href":"https:\/\/www.notibras.com\/site\/wp-json\/wp\/v2\/comments?post=354336"}],"version-history":[{"count":1,"href":"https:\/\/www.notibras.com\/site\/wp-json\/wp\/v2\/posts\/354336\/revisions"}],"predecessor-version":[{"id":354338,"href":"https:\/\/www.notibras.com\/site\/wp-json\/wp\/v2\/posts\/354336\/revisions\/354338"}],"wp:featuredmedia":[{"embeddable":true,"href":"https:\/\/www.notibras.com\/site\/wp-json\/wp\/v2\/media\/354337"}],"wp:attachment":[{"href":"https:\/\/www.notibras.com\/site\/wp-json\/wp\/v2\/media?parent=354336"}],"wp:term":[{"taxonomy":"category","embeddable":true,"href":"https:\/\/www.notibras.com\/site\/wp-json\/wp\/v2\/categories?post=354336"},{"taxonomy":"post_tag","embeddable":true,"href":"https:\/\/www.notibras.com\/site\/wp-json\/wp\/v2\/tags?post=354336"}],"curies":[{"name":"wp","href":"https:\/\/api.w.org\/{rel}","templated":true}]}}