{"id":354398,"date":"2025-05-23T00:29:42","date_gmt":"2025-05-23T03:29:42","guid":{"rendered":"https:\/\/www.notibras.com\/site\/?p=354398"},"modified":"2025-05-23T05:31:26","modified_gmt":"2025-05-23T08:31:26","slug":"policial-golpista-transferido-para-papuda-para-evitar-fuga","status":"publish","type":"post","link":"https:\/\/www.notibras.com\/site\/policial-golpista-transferido-para-papuda-para-evitar-fuga\/","title":{"rendered":"Policial golpista transferido para Papuda para evitar fuga"},"content":{"rendered":"<p>O ministro Alexandre de Moraes, do Supremo Tribunal Federal (STF), autorizou nesta quinta-feira (22) a transfer\u00eancia do policial Wladmir Matos Soares, um dos r\u00e9us pela trama golpista, para a Ala 5 do pres\u00eddio da Papuda. O pavilh\u00e3o \u00e9 destinado a ex-policiais.<\/p>\n<p>Soares foi transferido ap\u00f3s a Pol\u00edcia Militar relatar risco de fuga. A corpora\u00e7\u00e3o citou como ind\u00edcios de fuga as &#8220;peculiaridades&#8221; do 19\u00b0 Batalh\u00e3o, que tamb\u00e9m est\u00e1 localizado na Papuda, e o perfil do custodiado.<\/p>\n<p>Na ter\u00e7a-feira (20), Wladmir Matos se tornou r\u00e9u na a\u00e7\u00e3o penal do N\u00facleo 3 da trama golpista. De acordo com as investiga\u00e7\u00f5es, em 2022, o policial atuou como &#8220;elemento auxiliar&#8221; do Punhal Verde-Amarelo, plano golpista que, segundo a Pol\u00edcia Federal (PF), seria executado para matar diversas autoridades, como o presidente Luiz In\u00e1cio Lula da Silva e o ministro Alexandre de Moraes.<\/p>\n<p>Em um dos \u00e1udios obtidos pelos investigadores, o policial disse que estava disposto a agir para evitar a posse de Lula. Na conversa, Wladmir estava inconformado com a decis\u00e3o das For\u00e7as Armadas de n\u00e3o aderir \u00e0 proposta golpista.<\/p>\n<p>A defesa de Wladmir Matos alega que \u00e1udios encontrados com o policial federal n\u00e3o tratavam de mensagens sigilosas sobre a seguran\u00e7a de Lula. Segundo os advogados, as informa\u00e7\u00f5es eram p\u00fablicas e foram publicadas pela imprensa.<\/p>\n","protected":false},"excerpt":{"rendered":"<p>O ministro Alexandre de Moraes, do Supremo Tribunal Federal (STF), autorizou nesta quinta-feira (22) a transfer\u00eancia do policial Wladmir Matos Soares, um dos r\u00e9us pela trama golpista, para a Ala 5 do pres\u00eddio da Papuda. O pavilh\u00e3o \u00e9 destinado a ex-policiais. Soares foi transferido ap\u00f3s a Pol\u00edcia Militar relatar risco de fuga. A corpora\u00e7\u00e3o citou [&hellip;]<\/p>\n","protected":false},"author":2,"featured_media":354399,"comment_status":"closed","ping_status":"closed","sticky":false,"template":"","format":"standard","meta":{"_acf_changed":false,"footnotes":""},"categories":[161],"tags":[],"class_list":["post-354398","post","type-post","status-publish","format-standard","has-post-thumbnail","hentry","category-quadradinho-em-foco"],"acf":[],"_links":{"self":[{"href":"https:\/\/www.notibras.com\/site\/wp-json\/wp\/v2\/posts\/354398","targetHints":{"allow":["GET"]}}],"collection":[{"href":"https:\/\/www.notibras.com\/site\/wp-json\/wp\/v2\/posts"}],"about":[{"href":"https:\/\/www.notibras.com\/site\/wp-json\/wp\/v2\/types\/post"}],"author":[{"embeddable":true,"href":"https:\/\/www.notibras.com\/site\/wp-json\/wp\/v2\/users\/2"}],"replies":[{"embeddable":true,"href":"https:\/\/www.notibras.com\/site\/wp-json\/wp\/v2\/comments?post=354398"}],"version-history":[{"count":1,"href":"https:\/\/www.notibras.com\/site\/wp-json\/wp\/v2\/posts\/354398\/revisions"}],"predecessor-version":[{"id":354400,"href":"https:\/\/www.notibras.com\/site\/wp-json\/wp\/v2\/posts\/354398\/revisions\/354400"}],"wp:featuredmedia":[{"embeddable":true,"href":"https:\/\/www.notibras.com\/site\/wp-json\/wp\/v2\/media\/354399"}],"wp:attachment":[{"href":"https:\/\/www.notibras.com\/site\/wp-json\/wp\/v2\/media?parent=354398"}],"wp:term":[{"taxonomy":"category","embeddable":true,"href":"https:\/\/www.notibras.com\/site\/wp-json\/wp\/v2\/categories?post=354398"},{"taxonomy":"post_tag","embeddable":true,"href":"https:\/\/www.notibras.com\/site\/wp-json\/wp\/v2\/tags?post=354398"}],"curies":[{"name":"wp","href":"https:\/\/api.w.org\/{rel}","templated":true}]}}