{"id":354401,"date":"2025-05-23T00:35:15","date_gmt":"2025-05-23T03:35:15","guid":{"rendered":"https:\/\/www.notibras.com\/site\/?p=354401"},"modified":"2025-05-23T05:37:41","modified_gmt":"2025-05-23T08:37:41","slug":"homem-e-preso-apos-portar-explosivo-em-ministerio","status":"publish","type":"post","link":"https:\/\/www.notibras.com\/site\/homem-e-preso-apos-portar-explosivo-em-ministerio\/","title":{"rendered":"Homem \u00e9 preso ap\u00f3s portar explosivo em minist\u00e9rio"},"content":{"rendered":"<p>A Pol\u00edcia Militar prendeu no in\u00edcio da noite desta quinta-feira (22) um homem que teria amea\u00e7ado explodir um artefato no pr\u00e9dio do Minist\u00e9rio do Desenvolvimento Social e Combate \u00e0 Fome (MDS), localizado na Esplanada dos Minist\u00e9rios.<\/p>\n<p>O pr\u00e9dio foi evacuado \u00e0 tarde e, ap\u00f3s negocia\u00e7\u00e3o com policiais especializados, o homem foi detido.<\/p>\n<p>De acordo com a Pol\u00edcia Militar, ele, uma mulher e duas crian\u00e7as foram encaminhados para um hospital p\u00fablico. De l\u00e1, o investigado ser\u00e1 levado para a delegacia de pol\u00edcia.<\/p>\n<p>No in\u00edcio da noite, a pol\u00edcia informou ter encontrado 20 bombinhas e dois artefatos na mochila do homem. A pol\u00edcia acredita que ele acionou um dos explosivos no minist\u00e9rio antes da chegada dos policiais.<\/p>\n<p>Testemunhas afirmaram, mais cedo, que o homem teria acionado &#8220;uma bombinha&#8221;, parecida com as de festas juninas, o que chamou a aten\u00e7\u00e3o das pessoas no local e a suspeita para o pacote que ele carregava.<\/p>\n<p>Ainda n\u00e3o h\u00e1 informa\u00e7\u00f5es exatas sobre estado de sa\u00fade de todos ou mesmo sobre poss\u00edveis motiva\u00e7\u00f5es dos atos.<\/p>\n","protected":false},"excerpt":{"rendered":"<p>A Pol\u00edcia Militar prendeu no in\u00edcio da noite desta quinta-feira (22) um homem que teria amea\u00e7ado explodir um artefato no pr\u00e9dio do Minist\u00e9rio do Desenvolvimento Social e Combate \u00e0 Fome (MDS), localizado na Esplanada dos Minist\u00e9rios. O pr\u00e9dio foi evacuado \u00e0 tarde e, ap\u00f3s negocia\u00e7\u00e3o com policiais especializados, o homem foi detido. De acordo com [&hellip;]<\/p>\n","protected":false},"author":2,"featured_media":354402,"comment_status":"closed","ping_status":"closed","sticky":false,"template":"","format":"standard","meta":{"_acf_changed":false,"footnotes":""},"categories":[161],"tags":[],"class_list":["post-354401","post","type-post","status-publish","format-standard","has-post-thumbnail","hentry","category-quadradinho-em-foco"],"acf":[],"_links":{"self":[{"href":"https:\/\/www.notibras.com\/site\/wp-json\/wp\/v2\/posts\/354401","targetHints":{"allow":["GET"]}}],"collection":[{"href":"https:\/\/www.notibras.com\/site\/wp-json\/wp\/v2\/posts"}],"about":[{"href":"https:\/\/www.notibras.com\/site\/wp-json\/wp\/v2\/types\/post"}],"author":[{"embeddable":true,"href":"https:\/\/www.notibras.com\/site\/wp-json\/wp\/v2\/users\/2"}],"replies":[{"embeddable":true,"href":"https:\/\/www.notibras.com\/site\/wp-json\/wp\/v2\/comments?post=354401"}],"version-history":[{"count":1,"href":"https:\/\/www.notibras.com\/site\/wp-json\/wp\/v2\/posts\/354401\/revisions"}],"predecessor-version":[{"id":354403,"href":"https:\/\/www.notibras.com\/site\/wp-json\/wp\/v2\/posts\/354401\/revisions\/354403"}],"wp:featuredmedia":[{"embeddable":true,"href":"https:\/\/www.notibras.com\/site\/wp-json\/wp\/v2\/media\/354402"}],"wp:attachment":[{"href":"https:\/\/www.notibras.com\/site\/wp-json\/wp\/v2\/media?parent=354401"}],"wp:term":[{"taxonomy":"category","embeddable":true,"href":"https:\/\/www.notibras.com\/site\/wp-json\/wp\/v2\/categories?post=354401"},{"taxonomy":"post_tag","embeddable":true,"href":"https:\/\/www.notibras.com\/site\/wp-json\/wp\/v2\/tags?post=354401"}],"curies":[{"name":"wp","href":"https:\/\/api.w.org\/{rel}","templated":true}]}}