{"id":354407,"date":"2025-05-23T00:00:16","date_gmt":"2025-05-23T03:00:16","guid":{"rendered":"https:\/\/www.notibras.com\/site\/?p=354407"},"modified":"2025-05-23T05:48:49","modified_gmt":"2025-05-23T08:48:49","slug":"anvisa-proibe-venda-de-duas-marcas-desconhecidas-de-azeite","status":"publish","type":"post","link":"https:\/\/www.notibras.com\/site\/anvisa-proibe-venda-de-duas-marcas-desconhecidas-de-azeite\/","title":{"rendered":"Anvisa pro\u00edbe venda de duas marcas desconhecidas de azeite"},"content":{"rendered":"<p>Depois da proibi\u00e7\u00e3o da comercializa\u00e7\u00e3o das marcas de azeite de oliva Alonso e Quintas D\u00b4Oliveira na ter\u00e7a-feira (20), a Ag\u00eancia Nacional de Vigil\u00e2ncia Sanit\u00e1ria (Anvisa) publicou nova resolu\u00e7\u00e3o nesta quinta-feira (22) proibindo a comercializa\u00e7\u00e3o de outras duas marcas do produto: Escarpas das Oliveiras e Almazara.<\/p>\n<p>A medida \u00e9 resultado de investiga\u00e7\u00f5es da Anvisa, ap\u00f3s den\u00fancia feita pelo Minist\u00e9rio da Agricultura e Pecu\u00e1ria.<\/p>\n<p>Conforme a resolu\u00e7\u00e3o publicada no Di\u00e1rio Oficial da Uni\u00e3o, o impedimento da comercializa\u00e7\u00e3o deve-se \u00e0 origem desconhecida das duas marcas de azeite.<\/p>\n<p>A decis\u00e3o tamb\u00e9m traz que a embaladora dos produtos, a empresa Oriente Mercantil Importa\u00e7\u00e3o e Exporta\u00e7\u00e3o Ltda, consta como tendo o CNPJ encerrado junto \u00e0 Receita Federal desde 8 de novembro de 2023.<\/p>\n<p>Em caso de descumprimento da decis\u00e3o, a venda dos produtos pode representar infra\u00e7\u00e3o grave, inclusive com a responsabiliza\u00e7\u00e3o dos estabelecimentos que seguirem vendendo essas marcas de azeite.<\/p>\n<p>Al\u00e9m de irregularidades nos padr\u00f5es de rotulagem, as marcas n\u00e3o tinham licen\u00e7as na Anvisa ou no Minist\u00e9rio da Sa\u00fade. Nos r\u00f3tulos dos produtos consta apenas o nome da embaladora Oriente Mercantil Importa\u00e7\u00e3o e Exporta\u00e7\u00e3o.<\/p>\n","protected":false},"excerpt":{"rendered":"<p>Depois da proibi\u00e7\u00e3o da comercializa\u00e7\u00e3o das marcas de azeite de oliva Alonso e Quintas D\u00b4Oliveira na ter\u00e7a-feira (20), a Ag\u00eancia Nacional de Vigil\u00e2ncia Sanit\u00e1ria (Anvisa) publicou nova resolu\u00e7\u00e3o nesta quinta-feira (22) proibindo a comercializa\u00e7\u00e3o de outras duas marcas do produto: Escarpas das Oliveiras e Almazara. A medida \u00e9 resultado de investiga\u00e7\u00f5es da Anvisa, ap\u00f3s den\u00fancia [&hellip;]<\/p>\n","protected":false},"author":2,"featured_media":354408,"comment_status":"closed","ping_status":"closed","sticky":false,"template":"","format":"standard","meta":{"_acf_changed":false,"footnotes":""},"categories":[161],"tags":[],"class_list":["post-354407","post","type-post","status-publish","format-standard","has-post-thumbnail","hentry","category-quadradinho-em-foco"],"acf":[],"_links":{"self":[{"href":"https:\/\/www.notibras.com\/site\/wp-json\/wp\/v2\/posts\/354407","targetHints":{"allow":["GET"]}}],"collection":[{"href":"https:\/\/www.notibras.com\/site\/wp-json\/wp\/v2\/posts"}],"about":[{"href":"https:\/\/www.notibras.com\/site\/wp-json\/wp\/v2\/types\/post"}],"author":[{"embeddable":true,"href":"https:\/\/www.notibras.com\/site\/wp-json\/wp\/v2\/users\/2"}],"replies":[{"embeddable":true,"href":"https:\/\/www.notibras.com\/site\/wp-json\/wp\/v2\/comments?post=354407"}],"version-history":[{"count":1,"href":"https:\/\/www.notibras.com\/site\/wp-json\/wp\/v2\/posts\/354407\/revisions"}],"predecessor-version":[{"id":354409,"href":"https:\/\/www.notibras.com\/site\/wp-json\/wp\/v2\/posts\/354407\/revisions\/354409"}],"wp:featuredmedia":[{"embeddable":true,"href":"https:\/\/www.notibras.com\/site\/wp-json\/wp\/v2\/media\/354408"}],"wp:attachment":[{"href":"https:\/\/www.notibras.com\/site\/wp-json\/wp\/v2\/media?parent=354407"}],"wp:term":[{"taxonomy":"category","embeddable":true,"href":"https:\/\/www.notibras.com\/site\/wp-json\/wp\/v2\/categories?post=354407"},{"taxonomy":"post_tag","embeddable":true,"href":"https:\/\/www.notibras.com\/site\/wp-json\/wp\/v2\/tags?post=354407"}],"curies":[{"name":"wp","href":"https:\/\/api.w.org\/{rel}","templated":true}]}}