{"id":354410,"date":"2025-05-23T00:57:02","date_gmt":"2025-05-23T03:57:02","guid":{"rendered":"https:\/\/www.notibras.com\/site\/?p=354410"},"modified":"2025-05-23T05:59:05","modified_gmt":"2025-05-23T08:59:05","slug":"buriti-cria-centro-pioneiro-de-inteligencia-artificial","status":"publish","type":"post","link":"https:\/\/www.notibras.com\/site\/buriti-cria-centro-pioneiro-de-inteligencia-artificial\/","title":{"rendered":"Buriti cria centro pioneiro de intelig\u00eancia artificial"},"content":{"rendered":"<p>O in\u00edcio de uma nova etapa para a inova\u00e7\u00e3o e a intelig\u00eancia artificial no DF come\u00e7ou nesta quinta-feira (22), por meio do lan\u00e7amento do Centro Integrado de Intelig\u00eancia Artificial (CIIA), pelo Governo do Distrito Federal (GDF).<\/p>\n<p>Fruto de um conv\u00eanio celebrado entre a Secretaria de Ci\u00eancia, Tecnologia e Inova\u00e7\u00e3o (Secti-DF) e o Instituto Hardware Brasil (HBr), a iniciativa tem o objetivo de promover a pesquisa, o desenvolvimento e aplica\u00e7\u00e3o de solu\u00e7\u00f5es tecnol\u00f3gicas baseadas em intelig\u00eancia artificial com a articula\u00e7\u00e3o entre os setores p\u00fablico, privado e acad\u00eamico. O valor investido \u00e9 de R$ 5 milh\u00f5es.<\/p>\n<p>Na pr\u00e1tica, o CIIA vai ampliar a oferta de tecnologias emergentes e solu\u00e7\u00f5es de intelig\u00eancia artificial em \u00e1reas estrat\u00e9gicas, como educa\u00e7\u00e3o, sa\u00fade e seguran\u00e7a p\u00fablica, com foco na cria\u00e7\u00e3o de solu\u00e7\u00f5es tecnol\u00f3gicas que contribuam para a melhoria dos servi\u00e7os p\u00fablicos e o bem-estar da popula\u00e7\u00e3o. Al\u00e9m disso, a iniciativa visa a impulsionar o desenvolvimento acad\u00eamico e econ\u00f4mico e a consolidar o DF como um polo de inova\u00e7\u00e3o tecnol\u00f3gica.<\/p>\n<p>\u201c\u00c9 um projeto muito positivo, partindo de baixo para cima, detectando as necessidades, e eu tenho certeza que isso vai beneficiar a popula\u00e7\u00e3o do Distrito Federal, que ser\u00e1 atendida tamb\u00e9m de forma mais eficiente e eficaz, com essa ferramenta que j\u00e1 \u00e9 uma realidade do mundo inteiro\u201d, ressaltou a vice-governadora Celina Le\u00e3o durante a cerim\u00f4nia de assinatura do termo de registro hist\u00f3rico do projeto.<\/p>\n<p><strong>Tecnologia de ponta <\/strong><br \/>\nO CIIA vai abrigar uma infraestrutura tecnol\u00f3gica com colabora\u00e7\u00e3o entre pesquisadores e startups na modelagem de solu\u00e7\u00f5es para diversas \u00e1reas do DF, no Parque Tecnol\u00f3gico de Bras\u00edlia (BioTIC). S\u00e3o 80 pessoas atuando no projeto, entre alunos, professores e consultores.<\/p>\n<p>De acordo com o secret\u00e1rio de Ci\u00eancia, Tecnologia e Inova\u00e7\u00e3o, Leonardo Reisman, o objetivo \u00e9 facilitar a jornada do cidad\u00e3o durante a presta\u00e7\u00e3o de servi\u00e7os p\u00fablicos. \u201cO uso da intelig\u00eancia artificial revoluciona nossas vidas, e a gente escolheu essas tr\u00eas \u00e1reas fundamentais para que elas enviem desafios para os centros, pesquisadores e startups e planejem solu\u00e7\u00f5es\u201d, explicou.<\/p>\n<p>O presidente da Funda\u00e7\u00e3o de Apoio \u00e0 Pesquisa do Distrito Federal (FAPDF), Marco Antonio Costa, refor\u00e7ou o compromisso do projeto: \u201cQueremos que esse centro possa ser provocado pelas demandas p\u00fablicas para que crie solu\u00e7\u00f5es avan\u00e7adas utilizando a intelig\u00eancia artificial e dando essa resposta r\u00e1pida ao nosso cidad\u00e3o\u201d.<\/p>\n<p><strong>Eixos<\/strong><br \/>\nA iniciativa se ancora em tr\u00eas eixos estrat\u00e9gicos principais: pesquisa, capacita\u00e7\u00e3o e inova\u00e7\u00e3o e empreendedorismo. Na \u00e1rea de pesquisa, os projetos ser\u00e3o desenvolvidos por meio de formaliza\u00e7\u00e3o de acordos com as respectivas secretarias para acesso aos dados e in\u00edcio efetivo do desenvolvimento.<\/p>\n<p>No \u00e2mbito da sa\u00fade, ser\u00e1 elaborado um projeto de otimiza\u00e7\u00e3o de filas com levantamentos aprofundados j\u00e1 realizados. Para a educa\u00e7\u00e3o, ser\u00e3o pensadas iniciativas focadas na preven\u00e7\u00e3o de evas\u00e3o escolar, personaliza\u00e7\u00e3o de aprendizagem e otimiza\u00e7\u00e3o. J\u00e1 o desenvolvimento de solu\u00e7\u00f5es de vis\u00e3o computacional vai permitir apoiar a seguran\u00e7a no Setor Comercial Sul (SCS). Problemas adicionais identificados ser\u00e3o direcionados para startups afins e estudantes.<\/p>\n<p>O trabalho no eixo de capacita\u00e7\u00e3o ser\u00e1 viabilizado por uma parceria com o Google para disponibiliza\u00e7\u00e3o de 5 mil licen\u00e7as de cursos de IA a residentes do DF, al\u00e9m de acordos formalizados com dez institui\u00e7\u00f5es de ensino, sendo sete da iniciativa privada e tr\u00eas da p\u00fablica, incluindo a Universidade do Distrito Federal Professor Jorge Amaury Maia Nunes (UnDF), o Instituto Federal de Bras\u00edlia (IFB) e a Universidade de Bras\u00edlia (UnB).<\/p>\n<p><strong>Encontros<\/strong><br \/>\nA secret\u00e1ria de Educa\u00e7\u00e3o, H\u00e9lvia Paranagu\u00e1, tamb\u00e9m comemorou a novidade: \u201c\u00c9 um trabalho que est\u00e1 come\u00e7ando hoje, mas que tem uma trajet\u00f3ria, um caminho a percorrer. Estamos muito satisfeitos com as benfeitorias que a IA pode trazer ao ensino\u201d<br \/>\n\u201cTodos os professores v\u00e3o passar por forma\u00e7\u00e3o para que o conhecimento chegue at\u00e9 o estudante\u201d, detalhou a secret\u00e1ria de Educa\u00e7\u00e3o, H\u00e9lvia Paranagu\u00e1. \u201c\u00c9 um trabalho que est\u00e1 come\u00e7ando hoje, mas que tem uma trajet\u00f3ria, um caminho a percorrer. Estamos muito satisfeitos com as benfeitorias que a IA pode trazer ao ensino.\u201d Haver\u00e1 mil licen\u00e7as adicionais para a forma\u00e7\u00e3o de educadores, e ser\u00e1 ainda desenvolvido um curso especializado em IA para educadores da rede p\u00fablica de ensino fundamental e m\u00e9dio.<\/p>\n<p>Para o setor de inova\u00e7\u00e3o e empreendedorismo est\u00e3o programados tr\u00eas encontros setoriais, com in\u00edcio na \u00e1rea jur\u00eddica. Ser\u00e3o engajadas mais de 100 startups interessadas em desenvolver solu\u00e7\u00f5es para o setor p\u00fablico. Ainda ser\u00e3o programadas articula\u00e7\u00f5es internacionais avan\u00e7adas, incluindo visita t\u00e9cnica \u00e0 China (Macau) prevista para o segundo semestre deste ano, miss\u00e3o ao Vale do Sil\u00edcio (EUA) com Google e outros parceiros e delega\u00e7\u00e3o para Dubai (Emirados \u00c1rabes) com startups locais.<\/p>\n<p>\u201cJuntos faremos o DF um laborat\u00f3rio vivo de pol\u00edticas p\u00fablicas baseada em intelig\u00eancia artificial\u201d, declarou o coordenador do CIIA, Ricardo Barros Sampaio. \u201cHoje a gente tem mais de 45 pesquisadores e consultores trabalhando diretamente no nosso projeto, em diferentes eixos, e estamos contratando mais 30 alunos at\u00e9 o final deste m\u00eas com a possibilidade de outros 50 alunos at\u00e9 o final do ano. Esses alunos e consultores fazem parte da equipe, mas toda a popula\u00e7\u00e3o pode se beneficiar daquilo que a gente tem tentado entregar como solu\u00e7\u00e3o e como pol\u00edtica p\u00fablica para o Distrito Federal.\u201d<\/p>\n","protected":false},"excerpt":{"rendered":"<p>O in\u00edcio de uma nova etapa para a inova\u00e7\u00e3o e a intelig\u00eancia artificial no DF come\u00e7ou nesta quinta-feira (22), por meio do lan\u00e7amento do Centro Integrado de Intelig\u00eancia Artificial (CIIA), pelo Governo do Distrito Federal (GDF). Fruto de um conv\u00eanio celebrado entre a Secretaria de Ci\u00eancia, Tecnologia e Inova\u00e7\u00e3o (Secti-DF) e o Instituto Hardware Brasil [&hellip;]<\/p>\n","protected":false},"author":2,"featured_media":354411,"comment_status":"closed","ping_status":"closed","sticky":false,"template":"","format":"standard","meta":{"_acf_changed":false,"footnotes":""},"categories":[161],"tags":[],"class_list":["post-354410","post","type-post","status-publish","format-standard","has-post-thumbnail","hentry","category-quadradinho-em-foco"],"acf":[],"_links":{"self":[{"href":"https:\/\/www.notibras.com\/site\/wp-json\/wp\/v2\/posts\/354410","targetHints":{"allow":["GET"]}}],"collection":[{"href":"https:\/\/www.notibras.com\/site\/wp-json\/wp\/v2\/posts"}],"about":[{"href":"https:\/\/www.notibras.com\/site\/wp-json\/wp\/v2\/types\/post"}],"author":[{"embeddable":true,"href":"https:\/\/www.notibras.com\/site\/wp-json\/wp\/v2\/users\/2"}],"replies":[{"embeddable":true,"href":"https:\/\/www.notibras.com\/site\/wp-json\/wp\/v2\/comments?post=354410"}],"version-history":[{"count":1,"href":"https:\/\/www.notibras.com\/site\/wp-json\/wp\/v2\/posts\/354410\/revisions"}],"predecessor-version":[{"id":354412,"href":"https:\/\/www.notibras.com\/site\/wp-json\/wp\/v2\/posts\/354410\/revisions\/354412"}],"wp:featuredmedia":[{"embeddable":true,"href":"https:\/\/www.notibras.com\/site\/wp-json\/wp\/v2\/media\/354411"}],"wp:attachment":[{"href":"https:\/\/www.notibras.com\/site\/wp-json\/wp\/v2\/media?parent=354410"}],"wp:term":[{"taxonomy":"category","embeddable":true,"href":"https:\/\/www.notibras.com\/site\/wp-json\/wp\/v2\/categories?post=354410"},{"taxonomy":"post_tag","embeddable":true,"href":"https:\/\/www.notibras.com\/site\/wp-json\/wp\/v2\/tags?post=354410"}],"curies":[{"name":"wp","href":"https:\/\/api.w.org\/{rel}","templated":true}]}}