{"id":354413,"date":"2025-05-23T00:04:39","date_gmt":"2025-05-23T03:04:39","guid":{"rendered":"https:\/\/www.notibras.com\/site\/?p=354413"},"modified":"2025-05-23T06:06:49","modified_gmt":"2025-05-23T09:06:49","slug":"capital-registra-menor-taxa-de-homicidios-e-reduz-mortes-no-transito","status":"publish","type":"post","link":"https:\/\/www.notibras.com\/site\/capital-registra-menor-taxa-de-homicidios-e-reduz-mortes-no-transito\/","title":{"rendered":"Capital registra menor taxa de homic\u00eddios e reduz mortes no tr\u00e2nsito"},"content":{"rendered":"<p>Em 2023, o Distrito Federal registrou 347 homic\u00eddios, o menor n\u00famero dos \u00faltimos 11 anos, o que representa uma taxa de 11 casos por 100 mil habitantes, segundo dados do Atlas da Viol\u00eancia 2025. A redu\u00e7\u00e3o \u00e9 significativa em compara\u00e7\u00e3o a 2013, com uma queda de 63,7% na taxa de homic\u00eddios ao longo dos \u00faltimos 11 anos. O Atlas \u00e9 elaborado pelo Instituto de Pesquisa Econ\u00f4mica Aplicada (Ipea), em parceria com o F\u00f3rum Brasileiro de Seguran\u00e7a P\u00fablica (FBSP).<\/p>\n<p>Em rela\u00e7\u00e3o a 2022, quando foram contabilizados 357 homic\u00eddios, a redu\u00e7\u00e3o foi de 2,8%. No cen\u00e1rio nacional, o DF se destaca como a terceira unidade da Federa\u00e7\u00e3o com a menor taxa de homic\u00eddios, ficando atr\u00e1s apenas de S\u00e3o Paulo e Santa Catarina. A taxa de homic\u00eddios entre jovens de 15 a 29 anos tamb\u00e9m apresentou queda: foram 136 \u00f3bitos em 2023, contra 153 no ano anterior, uma redu\u00e7\u00e3o de 11,1%, equivalente a 18,7 casos por 100 mil habitantes.<\/p>\n<p>Os bons resultados s\u00e3o fruto das a\u00e7\u00f5es desenvolvidas pelo Governo do Distrito Federal (GDF), por meio da Secretaria de Seguran\u00e7a P\u00fablica (SSP-DF). Entre as principais iniciativas, destaca-se o programa Seguran\u00e7a Integral, que tem desempenhado um papel estrat\u00e9gico no fortalecimento das pol\u00edticas de seguran\u00e7a p\u00fablica.<\/p>\n<p>\u201cO que temos \u00e9 o resultado de uma pol\u00edtica duradoura, de longo prazo e consistente. Trabalhamos de forma integrada com as corpora\u00e7\u00f5es e, com a cria\u00e7\u00e3o das \u00c1reas Integradas de Seguran\u00e7a P\u00fablica, conseguimos administrar melhor as manchas criminais. Isso nos permitiu identificar, dentro das quatro \u00e1reas criadas, quais estavam apresentando melhor desempenho e quais precisavam de aten\u00e7\u00e3o\u201d, destaca o secret\u00e1rio de Seguran\u00e7a P\u00fablica, Sandro Avelar.<\/p>\n<p>Para o secret\u00e1rio, a const\u00e2ncia das a\u00e7\u00f5es \u00e9 um dos pilares para alcan\u00e7ar resultados expressivos na \u00e1rea. \u201cTenho defendido que as pol\u00edticas de seguran\u00e7a p\u00fablica devem ser duradouras. N\u00e3o adianta acreditar em solu\u00e7\u00f5es imediatistas, como uma \u2018bala de prata\u2019. Isso simplesmente n\u00e3o funciona\u201d, afirma Avelar.<\/p>\n<p>Al\u00e9m disso, a import\u00e2ncia do uso de dados e planejamento estrat\u00e9gico na execu\u00e7\u00e3o das a\u00e7\u00f5es \u00e9 essencial para o sucesso dos n\u00fameros. \u201cO controle dos dados \u00e9 fundamental. Precisamos saber exatamente onde o crime est\u00e1 acontecendo, em que dia da semana, em que hor\u00e1rio \u2014 se \u00e9 durante o expediente ou na madrugada \u2014 e em quais regi\u00f5es. Todos esses dados est\u00e3o sendo mapeados para criarmos as chamadas manchas criminais, que nos permite alocar de forma mais eficiente tanto o efetivo policial quanto os recursos tecnol\u00f3gicos. Esse tipo de estudo \u00e9 essencial para desenvolver uma seguran\u00e7a p\u00fablica orientada por dados e planejamento estrat\u00e9gico\u201d, aponta o secret\u00e1rio.<\/p>\n<p>In\u00e9dita no Atlas da Viol\u00eancia de 2025, a se\u00e7\u00e3o dedicada \u00e0 viol\u00eancia no tr\u00e2nsito aponta que o n\u00famero de \u00f3bitos em acidentes de tr\u00e2nsito no DF caiu de 336 em 2022 para 314 em 2023 \u2014 uma redu\u00e7\u00e3o de 6,5%. A taxa de mortalidade por 100 mil habitantes tamb\u00e9m caiu, passando de 10,7 para 9,9 no mesmo per\u00edodo. No recorte dos \u00faltimos cinco anos (2018 a 2023), o DF aparece como a segunda unidade da federa\u00e7\u00e3o que mais reduziu mortes no tr\u00e2nsito, com queda de 16,1%.<\/p>\n<p>Outro destaque foi a posi\u00e7\u00e3o da capital federal com a segunda menor taxa de \u00f3bitos por acidentes com motocicletas do pa\u00eds em 2023, com 2,4 por 100 mil habitantes \u2014 abaixo da m\u00e9dia nacional e dos estados com maiores \u00edndices.<\/p>\n<p>Entre as principais medidas adotadas para garantir mais seguran\u00e7a no tr\u00e1fego de motoristas, motociclistas e pedestres est\u00e3o as atividades informativas e a\u00e7\u00f5es de educa\u00e7\u00e3o no tr\u00e2nsito. \u201cEssas campanhas s\u00e3o fundamentais. \u00c9 um trabalho muito bem-executado pelo Detran, pelo DER e tamb\u00e9m pelo Batalh\u00e3o de Tr\u00e2nsito da Pol\u00edcia Militar. Mostra que, al\u00e9m de cuidar da fiscaliza\u00e7\u00e3o, temos um olhar voltado para a educa\u00e7\u00e3o. Isso \u00e9 essencial: n\u00e3o apenas reprimir, mas educar\u201d, ressalta o secret\u00e1rio Sandro Avelar.<\/p>\n<p><strong>Efetivo das corpora\u00e7\u00f5es<\/strong><br \/>\nComo parte da estrat\u00e9gia de fortalecimento da seguran\u00e7a p\u00fablica, o Governo do Distrito Federal tem investido na recomposi\u00e7\u00e3o dos efetivos das corpora\u00e7\u00f5es e na moderniza\u00e7\u00e3o tecnol\u00f3gica do setor.<\/p>\n<p>\u201cO governo Ibaneis Rocha recuperou um equil\u00edbrio nos efetivos das corpora\u00e7\u00f5es, por meio da contrata\u00e7\u00e3o de novos servidores das for\u00e7as de seguran\u00e7a. Antes t\u00ednhamos uma defasagem muito grande. Quando o governador assumiu, a Pol\u00edcia Militar estava com menos de 9 mil servidores. Hoje j\u00e1 estamos chegando novamente perto dos 12 mil, o que demonstra um compromisso em fortalecer as institui\u00e7\u00f5es\u201d, observa Avelar.<\/p>\n<p>Aliado ao aumento no efetivo, o secret\u00e1rio destaca o fortalecimento de pol\u00edticas inteligentes e efetivas por meio do uso da tecnologia. \u201cAs corpora\u00e7\u00f5es n\u00e3o conseguem ter um efetivo compat\u00edvel com o aumento da popula\u00e7\u00e3o, ent\u00e3o o uso de c\u00e2meras e tecnologias avan\u00e7adas \u00e9 essencial\u201d, explica.<\/p>\n<p>Para isso, neste ano a pasta ir\u00e1 concluir a instala\u00e7\u00e3o de c\u00e2meras de seguran\u00e7a em todas as regi\u00f5es administrativas, com equipamentos capazes de realizar reconhecimento facial e identifica\u00e7\u00e3o de placas de ve\u00edculos. Al\u00e9m disso, a integra\u00e7\u00e3o dos dados entre as institui\u00e7\u00f5es de seguran\u00e7a p\u00fablica tem sido uma prioridade, visando uma abordagem mais coordenada e eficiente.<\/p>\n<p>\u201cEstamos promovendo uma mudan\u00e7a cultural dentro das pr\u00f3prias institui\u00e7\u00f5es, incentivando o cruzamento dos bancos de dados das diversas corpora\u00e7\u00f5es, como a Pol\u00edcia Militar e a Pol\u00edcia Civil, para que o trabalho seja ainda mais eficaz\u201d, complementa o secret\u00e1rio.<\/p>\n<p><strong>Participa\u00e7\u00e3o da popula\u00e7\u00e3o<\/strong><br \/>\nOutro destaque na seguran\u00e7a \u00e9 a import\u00e2ncia da participa\u00e7\u00e3o da comunidade, por meio dos conselhos comunit\u00e1rios de seguran\u00e7a (Consegs), que atuam como espa\u00e7os de participa\u00e7\u00e3o volunt\u00e1ria da popula\u00e7\u00e3o, voltados ao debate de temas relacionados \u00e0 seguran\u00e7a p\u00fablica.<\/p>\n<p>\u201cOs conselhos comunit\u00e1rios trazem a realidade de cada uma das regi\u00f5es administrativas \u2014 que s\u00e3o muito distintas entre si \u2014 e nos ajudam a direcionar a\u00e7\u00f5es espec\u00edficas e eficazes para cada localidade\u201d, aponta.<\/p>\n<p>Atualmente, o Distrito Federal conta com 42 Consegs, que al\u00e9m de identificar e encaminhar demandas das comunidades, contribuem para o monitoramento de a\u00e7\u00f5es, a avalia\u00e7\u00e3o de resultados e a articula\u00e7\u00e3o com os \u00f3rg\u00e3os respons\u00e1veis pelas pol\u00edticas do setor.<\/p>\n","protected":false},"excerpt":{"rendered":"<p>Em 2023, o Distrito Federal registrou 347 homic\u00eddios, o menor n\u00famero dos \u00faltimos 11 anos, o que representa uma taxa de 11 casos por 100 mil habitantes, segundo dados do Atlas da Viol\u00eancia 2025. A redu\u00e7\u00e3o \u00e9 significativa em compara\u00e7\u00e3o a 2013, com uma queda de 63,7% na taxa de homic\u00eddios ao longo dos \u00faltimos [&hellip;]<\/p>\n","protected":false},"author":2,"featured_media":354414,"comment_status":"closed","ping_status":"closed","sticky":false,"template":"","format":"standard","meta":{"_acf_changed":false,"footnotes":""},"categories":[161],"tags":[],"class_list":["post-354413","post","type-post","status-publish","format-standard","has-post-thumbnail","hentry","category-quadradinho-em-foco"],"acf":[],"_links":{"self":[{"href":"https:\/\/www.notibras.com\/site\/wp-json\/wp\/v2\/posts\/354413","targetHints":{"allow":["GET"]}}],"collection":[{"href":"https:\/\/www.notibras.com\/site\/wp-json\/wp\/v2\/posts"}],"about":[{"href":"https:\/\/www.notibras.com\/site\/wp-json\/wp\/v2\/types\/post"}],"author":[{"embeddable":true,"href":"https:\/\/www.notibras.com\/site\/wp-json\/wp\/v2\/users\/2"}],"replies":[{"embeddable":true,"href":"https:\/\/www.notibras.com\/site\/wp-json\/wp\/v2\/comments?post=354413"}],"version-history":[{"count":1,"href":"https:\/\/www.notibras.com\/site\/wp-json\/wp\/v2\/posts\/354413\/revisions"}],"predecessor-version":[{"id":354415,"href":"https:\/\/www.notibras.com\/site\/wp-json\/wp\/v2\/posts\/354413\/revisions\/354415"}],"wp:featuredmedia":[{"embeddable":true,"href":"https:\/\/www.notibras.com\/site\/wp-json\/wp\/v2\/media\/354414"}],"wp:attachment":[{"href":"https:\/\/www.notibras.com\/site\/wp-json\/wp\/v2\/media?parent=354413"}],"wp:term":[{"taxonomy":"category","embeddable":true,"href":"https:\/\/www.notibras.com\/site\/wp-json\/wp\/v2\/categories?post=354413"},{"taxonomy":"post_tag","embeddable":true,"href":"https:\/\/www.notibras.com\/site\/wp-json\/wp\/v2\/tags?post=354413"}],"curies":[{"name":"wp","href":"https:\/\/api.w.org\/{rel}","templated":true}]}}