{"id":354416,"date":"2025-05-23T06:17:45","date_gmt":"2025-05-23T09:17:45","guid":{"rendered":"https:\/\/www.notibras.com\/site\/?p=354416"},"modified":"2025-05-23T06:17:45","modified_gmt":"2025-05-23T09:17:45","slug":"homem-vai-trabalhar-de-metro-e-se-depara-com-caso-de-assombracao","status":"publish","type":"post","link":"https:\/\/www.notibras.com\/site\/homem-vai-trabalhar-de-metro-e-se-depara-com-caso-de-assombracao\/","title":{"rendered":"Homem vai trabalhar de metr\u00f4 e se depara com caso de assombra\u00e7\u00e3o"},"content":{"rendered":"<p>Hoje resolvi dar folga ao estresse e deixei o carro na garagem. O tr\u00e2nsito infernal de \u00c1guas Claras at\u00e9 o Plano Piloto vai ficar para os demais dias da semana, pois fui trabalhar de metr\u00f4. Ali\u00e1s, deveria fazer isso mais vezes, j\u00e1 que, apesar do desconforto de ir em p\u00e9, me divirto com hist\u00f3rias, no m\u00ednimo, curiosas.<\/p>\n<p>Dois rapazes conversavam ao meu lado. Um deles, muito mais falante do que o outro, arregalava os olhos antes de desandar a falar.<\/p>\n<p>\u2014 V\u00e9i, tive um pesadelo lazarento de madrugada.<\/p>\n<p>\u2014 S\u00e9rio?<\/p>\n<p>\u2014 S\u00e9rio!<\/p>\n<p>Enquanto meu pensamento tentava concatenar as ideias, eis que o contador de causos avan\u00e7ou sem a menor cerim\u00f4nia.<\/p>\n<p>\u2014 Acordei no maior susto! A TV ligou sozinha.<\/p>\n<p>\u2014 O qu\u00ea?<\/p>\n<p>\u2014 N\u00e3o t\u00f4 te falando, v\u00e9i? A TV ligou sozinha! Acredita nisso?<\/p>\n<p>Diante de tamanha \u00eanfase, j\u00e1 n\u00e3o era apenas eu que queria saber o desfecho da trama, outros ouvidos apontaram para a dupla. Uma senhora em frente olhou para mim e esticou o l\u00e1bio inferior, como querendo dizer &#8220;Nossa! Que coisa, n\u00e9?&#8221;<\/p>\n<p>\u2014 E da\u00ed, v\u00e9i? O que rolou depois?<\/p>\n<p>\u2014 TV ligada, eu, me tremendo todo, fui procurar o controle, mas&#8230;<\/p>\n<p>\u2014 Mas?<\/p>\n<p>\u2014 V\u00e9i, tu n\u00e3o vai acreditar!<\/p>\n<p>A senhora e eu, a essa altura, j\u00e1 \u00e9ramos como dois velhos conhecidos, tamanha a troca de olhares. Sem contar um senhor logo atr\u00e1s de mim, que me cutucou no ombro e, do nada, arregalou os olhos e esticou o l\u00e1bio inferior, certamente querendo dizer &#8220;Meu amigo, que coisa, hein?&#8221;<\/p>\n<p>\u2014 V\u00e9i, procurei o controle, revirei tudo, mas nada.<\/p>\n<p>\u2014 S\u00e9rio?<\/p>\n<p>\u2014 Num t\u00f4 te falando, v\u00e9i?<\/p>\n<p>O zum-zum-zum dentro do vag\u00e3o era para saber o final da hist\u00f3ria. Todo mundo se perguntando, at\u00e9 que todos esticaram as orelhas para tentar escutar a voz do jovem. At\u00e9 eu, que deveria ter descido na esta\u00e7\u00e3o anterior, preferi chegar atrasado ao trabalho para n\u00e3o perder o ep\u00edlogo.<\/p>\n<p>\u2014 E voc\u00ea n\u00e3o sabe qual foi a maior.<\/p>\n<p>\u2014 E qual foi?<\/p>\n<p>\u2014 Sabe onde o controle estava?<\/p>\n<p>\u2014 Num fa\u00e7o a menor ideia, v\u00e9i.<\/p>\n<p>\u2014 Dentro da geladeira.<\/p>\n<p>\u2014 Da geladeira, v\u00e9i?<\/p>\n<p>\u2014 Da geladeira, v\u00e9i! Dentro do pote de sorvete.<\/p>\n<p>\u2014 Do pote de sorvete?<\/p>\n<p>\u2014 Pois \u00e9! Sorvete de morango. Voc\u00ea sabe, n\u00e9?<\/p>\n<p>\u2014 O qu\u00ea?<\/p>\n<p>\u2014 P\u00f4! Eu adoro sorvete de morango!<\/p>\n<p>N\u00e3o sei se foi por conta da surpresa ou, ent\u00e3o, para ser simp\u00e1tico com a senhora e o senhor, arregalei os olhos e estiquei o l\u00e1bio inferior: &#8220;Nossa, que coisa, gente!&#8221;<\/p>\n<p>&#8230;&#8230;&#8230;&#8230;&#8230;&#8230;&#8230;&#8230;<\/p>\n<p><strong>Eduardo Mart\u00ednez \u00e9 autor do livro 57 Contos e Cr\u00f4nicas por um Autor Muito Velho\u2019<\/strong><\/p>\n<p>Compre aqui\u00a0<span class=\"x19la9d6 x1fc57z9 x6ikm8r x10wlt62 x19co3pv x1g5zs5t xfibh0p xiy17q3 x1xsqp64 x1lkfr7t xexx8yu x4uap5 x18d9i69 xkhd6sd\"><span class=\"xrtxmta x1bhl96m\"><img decoding=\"async\" class=\"emoji\" role=\"img\" draggable=\"false\" src=\"https:\/\/s.w.org\/images\/core\/emoji\/15.0.3\/svg\/1f447-1f3ff.svg\" alt=\"&#x1f447;&#x1f3ff;\" \/><\/span><\/span><\/p>\n<p><a href=\"https:\/\/www.joanineditora.com.br\/57-contos-e-cronicas-por-um-autor-muito-velho\">https:\/\/www.joanineditora.com.br\/57-contos-e-cronicas-por-um-autor-muito-velho<\/a><\/p>\n","protected":false},"excerpt":{"rendered":"<p>Hoje resolvi dar folga ao estresse e deixei o carro na garagem. O tr\u00e2nsito infernal de \u00c1guas Claras at\u00e9 o Plano Piloto vai ficar para os demais dias da semana, pois fui trabalhar de metr\u00f4. Ali\u00e1s, deveria fazer isso mais vezes, j\u00e1 que, apesar do desconforto de ir em p\u00e9, me divirto com hist\u00f3rias, no [&hellip;]<\/p>\n","protected":false},"author":2,"featured_media":354417,"comment_status":"closed","ping_status":"closed","sticky":false,"template":"","format":"standard","meta":{"_acf_changed":false,"footnotes":""},"categories":[161],"tags":[],"class_list":["post-354416","post","type-post","status-publish","format-standard","has-post-thumbnail","hentry","category-quadradinho-em-foco"],"acf":[],"_links":{"self":[{"href":"https:\/\/www.notibras.com\/site\/wp-json\/wp\/v2\/posts\/354416","targetHints":{"allow":["GET"]}}],"collection":[{"href":"https:\/\/www.notibras.com\/site\/wp-json\/wp\/v2\/posts"}],"about":[{"href":"https:\/\/www.notibras.com\/site\/wp-json\/wp\/v2\/types\/post"}],"author":[{"embeddable":true,"href":"https:\/\/www.notibras.com\/site\/wp-json\/wp\/v2\/users\/2"}],"replies":[{"embeddable":true,"href":"https:\/\/www.notibras.com\/site\/wp-json\/wp\/v2\/comments?post=354416"}],"version-history":[{"count":1,"href":"https:\/\/www.notibras.com\/site\/wp-json\/wp\/v2\/posts\/354416\/revisions"}],"predecessor-version":[{"id":354418,"href":"https:\/\/www.notibras.com\/site\/wp-json\/wp\/v2\/posts\/354416\/revisions\/354418"}],"wp:featuredmedia":[{"embeddable":true,"href":"https:\/\/www.notibras.com\/site\/wp-json\/wp\/v2\/media\/354417"}],"wp:attachment":[{"href":"https:\/\/www.notibras.com\/site\/wp-json\/wp\/v2\/media?parent=354416"}],"wp:term":[{"taxonomy":"category","embeddable":true,"href":"https:\/\/www.notibras.com\/site\/wp-json\/wp\/v2\/categories?post=354416"},{"taxonomy":"post_tag","embeddable":true,"href":"https:\/\/www.notibras.com\/site\/wp-json\/wp\/v2\/tags?post=354416"}],"curies":[{"name":"wp","href":"https:\/\/api.w.org\/{rel}","templated":true}]}}