{"id":354419,"date":"2025-05-23T06:33:41","date_gmt":"2025-05-23T09:33:41","guid":{"rendered":"https:\/\/www.notibras.com\/site\/?p=354419"},"modified":"2025-05-23T06:33:41","modified_gmt":"2025-05-23T09:33:41","slug":"pagamento-da-2a-parcela-de-200-reais-comeca-na-segunda-feira","status":"publish","type":"post","link":"https:\/\/www.notibras.com\/site\/pagamento-da-2a-parcela-de-200-reais-comeca-na-segunda-feira\/","title":{"rendered":"Pagamento da 2\u00aa parcela de 200 reais come\u00e7a na segunda-feira"},"content":{"rendered":"<p>O Minist\u00e9rio da Educa\u00e7\u00e3o (MEC) inicia, na segunda-feira (26), o pagamento da segunda parcela do incentivo-frequ\u00eancia do P\u00e9-de-Meia deste ano. Cerca de 3,4 milh\u00f5es de estudantes receber\u00e3o o incentivo do programa federal, no valor de R$ 200, de acordo com a Caixa Econ\u00f4mica Federal. O banco \u00e9 o respons\u00e1vel pela gest\u00e3o dos recursos repassados pelo MEC.<\/p>\n<p>Ser\u00e1 o terceiro pagamento do ano do programa que, al\u00e9m da primeira parcela do incentivo-frequ\u00eancia mensal, depositada em abril, tamb\u00e9m contou com a parcela do incentivo-matr\u00edcula, tamb\u00e9m depositado em abril.<\/p>\n<p>Para receber as outras nove parcelas mensais, os estudantes do ensino regular devem frequentar, no m\u00ednimo, 80% das aulas.<\/p>\n<p>Os pagamentos ocorrer\u00e3o de acordo com o m\u00eas de nascimento dos estudantes que estiverem matriculados em uma das tr\u00eas s\u00e9ries do ensino m\u00e9dio da rede p\u00fablica de ensino, que cumprem os crit\u00e9rios do P\u00e9-de-Meia.<\/p>\n<p><strong>Dep\u00f3sitos<\/strong><br \/>\nA segunda parcela do incentivo-frequ\u00eancia do P\u00e9-de-Meia ser\u00e1 creditada em conta poupan\u00e7a Caixa Tem aberta automaticamente pelo banco p\u00fablico em nome dos estudantes.<\/p>\n<p>Os valores poder\u00e3o ser movimentados pelo aplicativo Caixa Tem, se\u202fo estudante tiver\u202f18 anos de idade ou mais. No caso de estudante menor de idade,\u202fser\u00e1\u202fnecess\u00e1rio que o respons\u00e1vel legal o autorize\u202fa\u202fmovimentar\u202fa\u202fconta. O consentimento poder\u00e1 ser\u202ffeito no pr\u00f3prio aplicativo ou em uma ag\u00eancia banc\u00e1ria da Caixa.<\/p>\n<p><strong>Informa\u00e7\u00f5es<\/strong><br \/>\nO estudante poder\u00e1 consultar no aplicativo Jornada do Estudante, do Minist\u00e9rio da Educa\u00e7\u00e3o, o status de pagamentos, se rejeitados ou aprovados, e as pr\u00f3prias informa\u00e7\u00f5es escolares e regras da chamada poupan\u00e7a do ensino m\u00e9dio.<\/p>\n<p>As informa\u00e7\u00f5es relativas ao pagamento do benef\u00edcio tamb\u00e9m podem ser consultadas nos aplicativo Caixa Tem ou Benef\u00edcios Sociais.<\/p>\n<p><strong>Notifica\u00e7\u00f5es<\/strong><br \/>\nO MEC anunciou que, a partir desta semana, enviar\u00e1 mensagens por WhatsApp e por caixa postal do aplicativo Gov.br aos mais de 655 mil estudantes participantes do P\u00e9-de-Meia que ainda n\u00e3o acessaram suas contas banc\u00e1rias, onde j\u00e1 foram depositadas as outras parcelas do programa.<\/p>\n<p>O objetivo \u00e9 orientar o benefici\u00e1rio com o passo a passo para os menores de 18 anos conseguirem a autoriza\u00e7\u00e3o de movimenta\u00e7\u00e3o da pr\u00f3pria conta do P\u00e9-de-Meia.<\/p>\n<p>De acordo com o MEC, em seguida, o estudante receber\u00e1 pelos mesmos canais Whatsapp e aplicativo Gov.br uma mensagem perguntando se ele deseja ou n\u00e3o continuar recebendo mensagens relacionadas ao P\u00e9-de-Meia.<\/p>\n","protected":false},"excerpt":{"rendered":"<p>O Minist\u00e9rio da Educa\u00e7\u00e3o (MEC) inicia, na segunda-feira (26), o pagamento da segunda parcela do incentivo-frequ\u00eancia do P\u00e9-de-Meia deste ano. Cerca de 3,4 milh\u00f5es de estudantes receber\u00e3o o incentivo do programa federal, no valor de R$ 200, de acordo com a Caixa Econ\u00f4mica Federal. O banco \u00e9 o respons\u00e1vel pela gest\u00e3o dos recursos repassados pelo [&hellip;]<\/p>\n","protected":false},"author":2,"featured_media":354420,"comment_status":"closed","ping_status":"closed","sticky":false,"template":"","format":"standard","meta":{"_acf_changed":false,"footnotes":""},"categories":[165],"tags":[],"class_list":["post-354419","post","type-post","status-publish","format-standard","has-post-thumbnail","hentry","category-nordeste"],"acf":[],"_links":{"self":[{"href":"https:\/\/www.notibras.com\/site\/wp-json\/wp\/v2\/posts\/354419","targetHints":{"allow":["GET"]}}],"collection":[{"href":"https:\/\/www.notibras.com\/site\/wp-json\/wp\/v2\/posts"}],"about":[{"href":"https:\/\/www.notibras.com\/site\/wp-json\/wp\/v2\/types\/post"}],"author":[{"embeddable":true,"href":"https:\/\/www.notibras.com\/site\/wp-json\/wp\/v2\/users\/2"}],"replies":[{"embeddable":true,"href":"https:\/\/www.notibras.com\/site\/wp-json\/wp\/v2\/comments?post=354419"}],"version-history":[{"count":1,"href":"https:\/\/www.notibras.com\/site\/wp-json\/wp\/v2\/posts\/354419\/revisions"}],"predecessor-version":[{"id":354421,"href":"https:\/\/www.notibras.com\/site\/wp-json\/wp\/v2\/posts\/354419\/revisions\/354421"}],"wp:featuredmedia":[{"embeddable":true,"href":"https:\/\/www.notibras.com\/site\/wp-json\/wp\/v2\/media\/354420"}],"wp:attachment":[{"href":"https:\/\/www.notibras.com\/site\/wp-json\/wp\/v2\/media?parent=354419"}],"wp:term":[{"taxonomy":"category","embeddable":true,"href":"https:\/\/www.notibras.com\/site\/wp-json\/wp\/v2\/categories?post=354419"},{"taxonomy":"post_tag","embeddable":true,"href":"https:\/\/www.notibras.com\/site\/wp-json\/wp\/v2\/tags?post=354419"}],"curies":[{"name":"wp","href":"https:\/\/api.w.org\/{rel}","templated":true}]}}