{"id":354448,"date":"2025-05-23T12:06:53","date_gmt":"2025-05-23T15:06:53","guid":{"rendered":"https:\/\/www.notibras.com\/site\/?p=354448"},"modified":"2025-05-23T15:08:20","modified_gmt":"2025-05-23T18:08:20","slug":"seca-intensa-em-abril-deixou-nordeste-a-mingua","status":"publish","type":"post","link":"https:\/\/www.notibras.com\/site\/seca-intensa-em-abril-deixou-nordeste-a-mingua\/","title":{"rendered":"Seca intensa em abril deixou Nordeste \u00e0 m\u00edngua"},"content":{"rendered":"<p>As regi\u00f5es Sul, Sudeste e Nordeste registraram uma intensifica\u00e7\u00e3o da seca no m\u00eas de abril de 2025, na compara\u00e7\u00e3o com o m\u00eas anterior (mar\u00e7o), aponta a Ag\u00eancia Nacional de \u00c1guas e Saneamento B\u00e1sico (ANA). No per\u00edodo,12 estados foram afetados pelo fen\u00f4meno.<\/p>\n<p>As informa\u00e7\u00f5es s\u00e3o da \u00faltima atualiza\u00e7\u00e3o do Monitor de Seca, que tamb\u00e9m apontou que a regi\u00e3o Nordeste foi a que teve a situa\u00e7\u00e3o mais severa, com o registro de seca grave em 29% de seu territ\u00f3rio. Os estados onde houve o agravamento da condi\u00e7\u00e3o s\u00e3o Alagoas, Bahia, Cear\u00e1, Maranh\u00e3o, Minas Gerais, Para\u00edba, Paran\u00e1, Pernambuco, Piau\u00ed, Rio Grande do Norte, Rio Grande do Sul e Sergipe.<\/p>\n<p>Tanto em estados onde houve agravamento da seca, quanto em estados est\u00e1veis houve casos em que todo o territ\u00f3rio foi atingido. Alagoas, Distrito Federal, Mato Grosso do Sul, Para\u00edba, Pernambuco, Piau\u00ed, Rio Grande do Norte e Rio Grande do Sul registraram essa condi\u00e7\u00e3o. Nas outras unidades da federa\u00e7\u00e3o, os percentuais de \u00e1rea afetada variam entre 27% a 96%.<\/p>\n<p>Planta\u00e7\u00e3o de soja<br \/>\nLonga estiagem prejudica planta\u00e7\u00e3o de soja &#8211; REUTERS\/Jos\u00e9 Roberto Gomes\/Direitos reservados<br \/>\nO Amazonas lidera com a maior \u00e1rea atingida pela seca, seguido pelos estados da Bahia, Minas Gerais, Mato Grosso do Sul e Goi\u00e1s. A \u00e1rea total do pa\u00eds atingida pela seca em abril foi de 4,67 milh\u00f5es de km\u00b2, que equivale a mais da metade do territ\u00f3rio brasileiro.<\/p>\n<p><strong>Chuvas<\/strong><br \/>\nDe acordo com os dados do Monitor de Seca, sete estados passaram por um abrandamento da falta de \u00e1gua em abril. Amazonas, Goi\u00e1s, Mato Grosso, Mato Grosso do Sul, Rio de Janeiro, S\u00e3o Paulo e Tocantins registraram mais chuvas, na compara\u00e7\u00e3o com mar\u00e7o deste ano. J\u00e1 o Acre, Distrito Federal, Esp\u00edrito Santo e Santa Catarina se mantiveram est\u00e1veis na compara\u00e7\u00e3o com mar\u00e7o.<\/p>\n<p>No per\u00edodo, as regi\u00f5es Centro-Oeste e Norte tiveram um abrandamento da condi\u00e7\u00e3o, com redu\u00e7\u00e3o de \u00e1rea atingida. No Sudeste, a extens\u00e3o de onde o fen\u00f4meno foi observado tamb\u00e9m diminuiu, apesar de a seca ter se intensificado nas \u00e1reas onde a continuou ocorrendo. No Nordeste a \u00e1rea com seca aumentou, enquanto na regi\u00e3o Sul se manteve est\u00e1vel, ainda presente em 90% do territ\u00f3rio.<\/p>\n<p>O estado do Par\u00e1 foi o \u00fanico que se manteve est\u00e1vel e sem registrar seca entre esses dois meses, j\u00e1 Rond\u00f4nia e Roraima com o registro de chuvas se livraram do fen\u00f4meno em abril.<\/p>\n<p>&nbsp;<\/p>\n","protected":false},"excerpt":{"rendered":"<p>As regi\u00f5es Sul, Sudeste e Nordeste registraram uma intensifica\u00e7\u00e3o da seca no m\u00eas de abril de 2025, na compara\u00e7\u00e3o com o m\u00eas anterior (mar\u00e7o), aponta a Ag\u00eancia Nacional de \u00c1guas e Saneamento B\u00e1sico (ANA). No per\u00edodo,12 estados foram afetados pelo fen\u00f4meno. As informa\u00e7\u00f5es s\u00e3o da \u00faltima atualiza\u00e7\u00e3o do Monitor de Seca, que tamb\u00e9m apontou que [&hellip;]<\/p>\n","protected":false},"author":2,"featured_media":354449,"comment_status":"closed","ping_status":"closed","sticky":false,"template":"","format":"standard","meta":{"_acf_changed":false,"footnotes":""},"categories":[165],"tags":[],"class_list":["post-354448","post","type-post","status-publish","format-standard","has-post-thumbnail","hentry","category-nordeste"],"acf":[],"_links":{"self":[{"href":"https:\/\/www.notibras.com\/site\/wp-json\/wp\/v2\/posts\/354448","targetHints":{"allow":["GET"]}}],"collection":[{"href":"https:\/\/www.notibras.com\/site\/wp-json\/wp\/v2\/posts"}],"about":[{"href":"https:\/\/www.notibras.com\/site\/wp-json\/wp\/v2\/types\/post"}],"author":[{"embeddable":true,"href":"https:\/\/www.notibras.com\/site\/wp-json\/wp\/v2\/users\/2"}],"replies":[{"embeddable":true,"href":"https:\/\/www.notibras.com\/site\/wp-json\/wp\/v2\/comments?post=354448"}],"version-history":[{"count":1,"href":"https:\/\/www.notibras.com\/site\/wp-json\/wp\/v2\/posts\/354448\/revisions"}],"predecessor-version":[{"id":354450,"href":"https:\/\/www.notibras.com\/site\/wp-json\/wp\/v2\/posts\/354448\/revisions\/354450"}],"wp:featuredmedia":[{"embeddable":true,"href":"https:\/\/www.notibras.com\/site\/wp-json\/wp\/v2\/media\/354449"}],"wp:attachment":[{"href":"https:\/\/www.notibras.com\/site\/wp-json\/wp\/v2\/media?parent=354448"}],"wp:term":[{"taxonomy":"category","embeddable":true,"href":"https:\/\/www.notibras.com\/site\/wp-json\/wp\/v2\/categories?post=354448"},{"taxonomy":"post_tag","embeddable":true,"href":"https:\/\/www.notibras.com\/site\/wp-json\/wp\/v2\/tags?post=354448"}],"curies":[{"name":"wp","href":"https:\/\/api.w.org\/{rel}","templated":true}]}}