{"id":354472,"date":"2025-05-24T09:41:12","date_gmt":"2025-05-24T12:41:12","guid":{"rendered":"https:\/\/www.notibras.com\/site\/?p=354472"},"modified":"2025-05-24T09:41:12","modified_gmt":"2025-05-24T12:41:12","slug":"evangelicos-do-nordeste-tambem-sonham-com-sua-casa-de-salomao","status":"publish","type":"post","link":"https:\/\/www.notibras.com\/site\/evangelicos-do-nordeste-tambem-sonham-com-sua-casa-de-salomao\/","title":{"rendered":"Evang\u00e9licos do Nordeste tamb\u00e9m sonham com sua Casa de Salom\u00e3o"},"content":{"rendered":"<p>Na quentura do sert\u00e3o nordestino, onde o ch\u00e3o racha em prece por chuva e o c\u00e9u azul parece prometer reden\u00e7\u00e3o, os fi\u00e9is da Assembleia de Deus vivem dias de expectativa. N\u00e3o \u00e9 pela volta de Jesus, que sempre est\u00e1 pr\u00f3xima, mas pela possibilidade quase celestial de um templo nos moldes daquele erguido por Edir Macedo em S\u00e3o Paulo \u2014 o famoso Templo de Salom\u00e3o.<\/p>\n<p>L\u00e1 na capital paulista, o templo reluz com m\u00e1rmore importado, colunas imponentes, portas de quase ouro e uma aura de Jerusal\u00e9m tropical. Aqui no Nordeste, por\u00e9m, a realidade \u00e9 outra: bancos de madeira gastos, ventiladores que rodam com mais f\u00e9 que for\u00e7a, e microfones que \u00e0s vezes chiavam mais do que pregavam. Ainda assim, o culto \u00e9 fervoroso, e a palavra corre solta como rio em cheia.<\/p>\n<p>Mas agora, diz o pastor Joelson, homem de voz grossa e b\u00edblia gasta, \u201co tempo da promessa est\u00e1 chegando\u201d. Segundo ele, h\u00e1 conversas, articula\u00e7\u00f5es, at\u00e9 mesmo uma planta arquitet\u00f4nica sendo sonhada \u2014 uma sede monumental, erguer-se-ia no meio do agreste como testemunho de f\u00e9, prosperidade e presen\u00e7a divina. \u201cN\u00e3o ser\u00e1 vaidade, ser\u00e1 gl\u00f3ria a Deus!\u201d, diz ele, com os olhos brilhando mais que as l\u00e2mpadas de LED que ele j\u00e1 imagina piscando na futura fachada.<\/p>\n<p>Na pra\u00e7a da cidade, entre uma tapioca e outra, os coment\u00e1rios se dividem. Dona Maria, que nunca perdeu um culto em 20 anos, j\u00e1 imagina o coral cantando com eco no templo novo. Seu Ant\u00f4nio, cat\u00f3lico de nascen\u00e7a, balan\u00e7a a cabe\u00e7a e comenta: \u201cDeus mora em qualquer canto. Mas se eles querem uma casa grande, que seja.\u201d Os jovens da congrega\u00e7\u00e3o, acostumados a ver as igrejas neopentecostais na internet, suspiram com a ideia de um Instagram cheio de m\u00e1rmore e luz.<\/p>\n<p>Mas entre a f\u00e9 e o cimento, h\u00e1 o caminho da constru\u00e7\u00e3o. Dinheiro ainda falta, embora as ofertas tenham aumentado. Os pastores fazem campanhas de jejum e ora\u00e7\u00e3o, enquanto arquitetos buscam adaptar Jerusal\u00e9m ao clima de Juazeiro ou de Mossor\u00f3. Porque, afinal, \u00e9 preciso sonhar alto \u2014 como Salom\u00e3o \u2014 mas tamb\u00e9m colocar estacas firmes no solo rachado do sert\u00e3o.<\/p>\n<p>Se vir\u00e1 ou n\u00e3o, s\u00f3 Deus sabe. Mas at\u00e9 l\u00e1, os evang\u00e9licos da Assembleia seguem firmes, entre um aleluia e outro, vivendo a expectativa de um templo que, quem sabe, os far\u00e1 sentir ainda mais perto do c\u00e9u \u2014 mesmo que com ar-condicionado e estacionamento coberto.<\/p>\n","protected":false},"excerpt":{"rendered":"<p>Na quentura do sert\u00e3o nordestino, onde o ch\u00e3o racha em prece por chuva e o c\u00e9u azul parece prometer reden\u00e7\u00e3o, os fi\u00e9is da Assembleia de Deus vivem dias de expectativa. N\u00e3o \u00e9 pela volta de Jesus, que sempre est\u00e1 pr\u00f3xima, mas pela possibilidade quase celestial de um templo nos moldes daquele erguido por Edir Macedo [&hellip;]<\/p>\n","protected":false},"author":2,"featured_media":354473,"comment_status":"closed","ping_status":"closed","sticky":false,"template":"","format":"standard","meta":{"_acf_changed":false,"footnotes":""},"categories":[165],"tags":[],"class_list":["post-354472","post","type-post","status-publish","format-standard","has-post-thumbnail","hentry","category-nordeste"],"acf":[],"_links":{"self":[{"href":"https:\/\/www.notibras.com\/site\/wp-json\/wp\/v2\/posts\/354472","targetHints":{"allow":["GET"]}}],"collection":[{"href":"https:\/\/www.notibras.com\/site\/wp-json\/wp\/v2\/posts"}],"about":[{"href":"https:\/\/www.notibras.com\/site\/wp-json\/wp\/v2\/types\/post"}],"author":[{"embeddable":true,"href":"https:\/\/www.notibras.com\/site\/wp-json\/wp\/v2\/users\/2"}],"replies":[{"embeddable":true,"href":"https:\/\/www.notibras.com\/site\/wp-json\/wp\/v2\/comments?post=354472"}],"version-history":[{"count":1,"href":"https:\/\/www.notibras.com\/site\/wp-json\/wp\/v2\/posts\/354472\/revisions"}],"predecessor-version":[{"id":354474,"href":"https:\/\/www.notibras.com\/site\/wp-json\/wp\/v2\/posts\/354472\/revisions\/354474"}],"wp:featuredmedia":[{"embeddable":true,"href":"https:\/\/www.notibras.com\/site\/wp-json\/wp\/v2\/media\/354473"}],"wp:attachment":[{"href":"https:\/\/www.notibras.com\/site\/wp-json\/wp\/v2\/media?parent=354472"}],"wp:term":[{"taxonomy":"category","embeddable":true,"href":"https:\/\/www.notibras.com\/site\/wp-json\/wp\/v2\/categories?post=354472"},{"taxonomy":"post_tag","embeddable":true,"href":"https:\/\/www.notibras.com\/site\/wp-json\/wp\/v2\/tags?post=354472"}],"curies":[{"name":"wp","href":"https:\/\/api.w.org\/{rel}","templated":true}]}}