{"id":354475,"date":"2025-05-24T09:14:24","date_gmt":"2025-05-24T12:14:24","guid":{"rendered":"https:\/\/www.notibras.com\/site\/?p=354475"},"modified":"2025-05-24T09:48:23","modified_gmt":"2025-05-24T12:48:23","slug":"sao-joao-do-nordestino-promete-surpresas-com-passos-diferentes","status":"publish","type":"post","link":"https:\/\/www.notibras.com\/site\/sao-joao-do-nordestino-promete-surpresas-com-passos-diferentes\/","title":{"rendered":"S\u00e3o Jo\u00e3o do nordestino promete surpresas com passos diferentes"},"content":{"rendered":"<p>A noite de sexta,24, foi tomada pelo ritmo contagiante do samba e pela alegria t\u00edpica das festas juninas. Em clima de celebra\u00e7\u00e3o, a festa de S\u00e3o Jo\u00e3o, realizada na Pra\u00e7a Central do Cabo, neste fim de semana, reuniu centenas de pessoas em busca de divers\u00e3o, cultura e muita dan\u00e7a.<\/p>\n<p>Tradicionalmente marcada pelo forr\u00f3, a festa deste ano inovou ao incluir apresenta\u00e7\u00f5es de samba no p\u00e9, atraindo um p\u00fablico ainda mais diverso. O grupo\u00a0Ra\u00edzes do Samba\u00a0foi um dos destaques da noite, com uma performance vibrante que fez at\u00e9 os mais t\u00edmidos arriscarem passos no sal\u00e3o.<\/p>\n<p>\u201c\u00c9 uma mistura maravilhosa\u201d, disse Maria do Carmo, moradora do bairro e frequentadora ass\u00eddua da festa. \u201cA gente j\u00e1 vem pra dan\u00e7ar quadrilha, mas hoje tamb\u00e9m sambar foi uma surpresa deliciosa!\u201d<\/p>\n<p>Al\u00e9m das apresenta\u00e7\u00f5es musicais, barracas de comidas t\u00edpicas, como canjica, pamonha e milho verde, garantiram o sabor da festa. Crian\u00e7as se divertiram com brincadeiras tradicionais, como pescaria e corrida de saco, enquanto os adultos aproveitavam a programa\u00e7\u00e3o cultural.<\/p>\n<p>O organizador do evento, Jo\u00e3o Ferreira, destacou o objetivo da edi\u00e7\u00e3o deste ano: \u201cQuer\u00edamos manter a tradi\u00e7\u00e3o, mas tamb\u00e9m trazer novidades. O samba tem ra\u00edzes profundas na nossa cultura, assim como as festas juninas. Juntamos os dois e deu certo.\u201d<\/p>\n<p>Com fogueiras acesas, bandeirinhas coloridas e um clima de uni\u00e3o, a festa de S\u00e3o Jo\u00e3o mostrou que tradi\u00e7\u00e3o e inova\u00e7\u00e3o podem andar lado a lado \u2014 sempre com muita divers\u00e3o e samba no p\u00e9.<\/p>\n","protected":false},"excerpt":{"rendered":"<p>A noite de sexta,24, foi tomada pelo ritmo contagiante do samba e pela alegria t\u00edpica das festas juninas. Em clima de celebra\u00e7\u00e3o, a festa de S\u00e3o Jo\u00e3o, realizada na Pra\u00e7a Central do Cabo, neste fim de semana, reuniu centenas de pessoas em busca de divers\u00e3o, cultura e muita dan\u00e7a. Tradicionalmente marcada pelo forr\u00f3, a festa [&hellip;]<\/p>\n","protected":false},"author":2,"featured_media":354476,"comment_status":"closed","ping_status":"closed","sticky":false,"template":"","format":"standard","meta":{"_acf_changed":false,"footnotes":""},"categories":[165],"tags":[],"class_list":["post-354475","post","type-post","status-publish","format-standard","has-post-thumbnail","hentry","category-nordeste"],"acf":[],"_links":{"self":[{"href":"https:\/\/www.notibras.com\/site\/wp-json\/wp\/v2\/posts\/354475","targetHints":{"allow":["GET"]}}],"collection":[{"href":"https:\/\/www.notibras.com\/site\/wp-json\/wp\/v2\/posts"}],"about":[{"href":"https:\/\/www.notibras.com\/site\/wp-json\/wp\/v2\/types\/post"}],"author":[{"embeddable":true,"href":"https:\/\/www.notibras.com\/site\/wp-json\/wp\/v2\/users\/2"}],"replies":[{"embeddable":true,"href":"https:\/\/www.notibras.com\/site\/wp-json\/wp\/v2\/comments?post=354475"}],"version-history":[{"count":1,"href":"https:\/\/www.notibras.com\/site\/wp-json\/wp\/v2\/posts\/354475\/revisions"}],"predecessor-version":[{"id":354477,"href":"https:\/\/www.notibras.com\/site\/wp-json\/wp\/v2\/posts\/354475\/revisions\/354477"}],"wp:featuredmedia":[{"embeddable":true,"href":"https:\/\/www.notibras.com\/site\/wp-json\/wp\/v2\/media\/354476"}],"wp:attachment":[{"href":"https:\/\/www.notibras.com\/site\/wp-json\/wp\/v2\/media?parent=354475"}],"wp:term":[{"taxonomy":"category","embeddable":true,"href":"https:\/\/www.notibras.com\/site\/wp-json\/wp\/v2\/categories?post=354475"},{"taxonomy":"post_tag","embeddable":true,"href":"https:\/\/www.notibras.com\/site\/wp-json\/wp\/v2\/tags?post=354475"}],"curies":[{"name":"wp","href":"https:\/\/api.w.org\/{rel}","templated":true}]}}