{"id":354478,"date":"2025-05-24T08:50:54","date_gmt":"2025-05-24T11:50:54","guid":{"rendered":"https:\/\/www.notibras.com\/site\/?p=354478"},"modified":"2025-05-24T09:52:30","modified_gmt":"2025-05-24T12:52:30","slug":"fernando-cavalcanti-e-o-novo-ceo-da-nw-corretora","status":"publish","type":"post","link":"https:\/\/www.notibras.com\/site\/fernando-cavalcanti-e-o-novo-ceo-da-nw-corretora\/","title":{"rendered":"Fernando Cavalcanti \u00e9 o novo CEO da NW Corretora"},"content":{"rendered":"<p>O economista Fernando Cavalcanti assumir\u00e1 a posi\u00e7\u00e3o de CEO da NW Corretora. Por conta das novas responsabilidades e atribui\u00e7\u00f5es, o executivo prepara a transi\u00e7\u00e3o da vice-presid\u00eancia do Nelson Wilians Advogados.<\/p>\n<p>Embora deixe formalmente a vice-presid\u00eancia do Nelson Wilians Advogados at\u00e9 o fim do ano, Fernando Cavalcanti permanecer\u00e1 conectado ao escrit\u00f3rio, segundo informa\u00e7\u00f5es oficiais da holding. Ele contribuir\u00e1 de forma estrat\u00e9gica para o fortalecimento do relacionamento institucional, expans\u00e3o de parcerias e gera\u00e7\u00e3o de neg\u00f3cios.<\/p>\n<p>A transi\u00e7\u00e3o ocorre de maneira planejada, estruturada e alinhada com a lideran\u00e7a do Nelson Wilians Advogados, assegurando a continuidade dos projetos, a estabilidade dos processos e o compromisso com a excel\u00eancia na entrega de solu\u00e7\u00f5es aos clientes.<\/p>\n<p>Fernando Cavalcanti tamb\u00e9m continuar\u00e1 atuando em Bras\u00edlia, na \u00e1rea institucional do grupo como um todo. Ele tamb\u00e9m comentou o novo desafio. &#8220;Estar \u00e0 frente da NW Corretora como CEO ser\u00e1 um dos meus maiores projetos a partir de agora&#8221;, afirmou.<\/p>\n","protected":false},"excerpt":{"rendered":"<p>O economista Fernando Cavalcanti assumir\u00e1 a posi\u00e7\u00e3o de CEO da NW Corretora. Por conta das novas responsabilidades e atribui\u00e7\u00f5es, o executivo prepara a transi\u00e7\u00e3o da vice-presid\u00eancia do Nelson Wilians Advogados. Embora deixe formalmente a vice-presid\u00eancia do Nelson Wilians Advogados at\u00e9 o fim do ano, Fernando Cavalcanti permanecer\u00e1 conectado ao escrit\u00f3rio, segundo informa\u00e7\u00f5es oficiais da holding. [&hellip;]<\/p>\n","protected":false},"author":2,"featured_media":354479,"comment_status":"closed","ping_status":"closed","sticky":false,"template":"","format":"standard","meta":{"_acf_changed":false,"footnotes":""},"categories":[161],"tags":[],"class_list":["post-354478","post","type-post","status-publish","format-standard","has-post-thumbnail","hentry","category-quadradinho-em-foco"],"acf":[],"_links":{"self":[{"href":"https:\/\/www.notibras.com\/site\/wp-json\/wp\/v2\/posts\/354478","targetHints":{"allow":["GET"]}}],"collection":[{"href":"https:\/\/www.notibras.com\/site\/wp-json\/wp\/v2\/posts"}],"about":[{"href":"https:\/\/www.notibras.com\/site\/wp-json\/wp\/v2\/types\/post"}],"author":[{"embeddable":true,"href":"https:\/\/www.notibras.com\/site\/wp-json\/wp\/v2\/users\/2"}],"replies":[{"embeddable":true,"href":"https:\/\/www.notibras.com\/site\/wp-json\/wp\/v2\/comments?post=354478"}],"version-history":[{"count":1,"href":"https:\/\/www.notibras.com\/site\/wp-json\/wp\/v2\/posts\/354478\/revisions"}],"predecessor-version":[{"id":354480,"href":"https:\/\/www.notibras.com\/site\/wp-json\/wp\/v2\/posts\/354478\/revisions\/354480"}],"wp:featuredmedia":[{"embeddable":true,"href":"https:\/\/www.notibras.com\/site\/wp-json\/wp\/v2\/media\/354479"}],"wp:attachment":[{"href":"https:\/\/www.notibras.com\/site\/wp-json\/wp\/v2\/media?parent=354478"}],"wp:term":[{"taxonomy":"category","embeddable":true,"href":"https:\/\/www.notibras.com\/site\/wp-json\/wp\/v2\/categories?post=354478"},{"taxonomy":"post_tag","embeddable":true,"href":"https:\/\/www.notibras.com\/site\/wp-json\/wp\/v2\/tags?post=354478"}],"curies":[{"name":"wp","href":"https:\/\/api.w.org\/{rel}","templated":true}]}}