{"id":354487,"date":"2025-05-24T00:12:45","date_gmt":"2025-05-24T03:12:45","guid":{"rendered":"https:\/\/www.notibras.com\/site\/?p=354487"},"modified":"2025-05-24T10:14:20","modified_gmt":"2025-05-24T13:14:20","slug":"padilha-vacina-operarios-em-canteiro-de-obras-da-paulooctavio","status":"publish","type":"post","link":"https:\/\/www.notibras.com\/site\/padilha-vacina-operarios-em-canteiro-de-obras-da-paulooctavio\/","title":{"rendered":"Padilha vacina oper\u00e1rios em canteiro de obras da PaulOOctavio"},"content":{"rendered":"<p>O ministro da Sa\u00fade, Alexandre Padilha, lan\u00e7ou o Dia D Nacional da Vacina\u00e7\u00e3o voltado a trabalhadores da ind\u00fastria, nesta sexta-feira (23), no canteiro de obras do Residencial Oceania, erguido pela PaulOOctavio em \u00c1guas Claras. A a\u00e7\u00e3o pretende imunizar 1 milh\u00e3o de trabalhadores no Pa\u00eds, com foco na aplica\u00e7\u00e3o de doses contra a influenza, mas est\u00e3o inclu\u00eddos imunizantes para outras doen\u00e7as.<\/p>\n<p>&#8220;O governo federal e o Minist\u00e9rio da Sa\u00fade, com a Secretaria de Sa\u00fade do DF e o Sesi, est\u00e3o comandando o Dia D Nacional da Vacina\u00e7\u00e3o, com a participa\u00e7\u00e3o da ind\u00fastria, tanto da constru\u00e7\u00e3o civil, quanto fabril, em todas as regi\u00f5es. A a\u00e7\u00e3o faz parte do esfor\u00e7o de garantir vacina para todos e aumentar a cobertura, garantindo ainda, no caso da gripe, que as pessoas se imunizem em maio, quando o frio fica mais rigoroso&#8221;, explicou Padilha.<\/p>\n<p>O ministro, que \u00e9 m\u00e9dico, aplicou vacinas em oper\u00e1rios, como a servente Alessandra Cardoso e o bombeiro Balbino Gomes Sousa. Tamb\u00e9m imunizou o empres\u00e1rio Paulo Oct\u00e1vio, presidente da construtora que ergue o residencial em \u00c1guas Claras, e o presidente da Federa\u00e7\u00e3o das Ind\u00fastrias do Distrito Federal (Fibra), Jamal Jorge Bittar.<\/p>\n<p>Ap\u00f3s receber a sua dose, Paulo Oct\u00e1vio elogiou a a\u00e7\u00e3o que envolve poder p\u00fablico, entidades classistas e empresas em torno de um bem maior. &#8220;Sempre entendi que a sa\u00fade do trabalhador \u00e9 essencial para qualquer empresa. Incentiv\u00e1-lo a tomar vacinas, se cuidar e ter sa\u00fade \u00e9 fundamental. Fico feliz de estarmos no canteiro de obras, com muitos trabalhadores sendo vacinados nessa parceria. Quanto mais parcerias tivermos entre governo, Sesi, Fibra e empresas, melhor para a sa\u00fade e menos despesas para o governo&#8221;, acrescentou.<\/p>\n<p>Na mesma linha de racioc\u00ednio, Jamal Jorge Bittar, presidente da Fibra, elogiou a uni\u00e3o. &#8220;Esse evento junta tudo o que \u00e9 mais importante para a ind\u00fastria: uma empresa da express\u00e3o da PaulOOctavio, com esse canteiro maravilhoso; o Minist\u00e9rio da Sa\u00fade, que tem feito um bel\u00edssimo trabalho de resgatar a vacina; e o Sesi, para fazer o que n\u00e3o esper\u00e1vamos: retomar vacina\u00e7\u00e3o, algo que jamais poderia ter ocorrido&#8221;, acrescentou.<\/p>\n<p>A vacina\u00e7\u00e3o nos canteiros de obras da PaulOOctavio inclui a oferta de doses contra sarampo, febre amarela, hepatite e influenza, entre outras. Ser\u00e3o mais de 150 vacinados somente nesta sexta-feira. A campanha nacional contra a gripe segue mobilizando estados e munic\u00edpios do Pa\u00eds. At\u00e9 o momento, mais de 21,2 milh\u00f5es de doses j\u00e1 foram aplicadas.<\/p>\n","protected":false},"excerpt":{"rendered":"<p>O ministro da Sa\u00fade, Alexandre Padilha, lan\u00e7ou o Dia D Nacional da Vacina\u00e7\u00e3o voltado a trabalhadores da ind\u00fastria, nesta sexta-feira (23), no canteiro de obras do Residencial Oceania, erguido pela PaulOOctavio em \u00c1guas Claras. A a\u00e7\u00e3o pretende imunizar 1 milh\u00e3o de trabalhadores no Pa\u00eds, com foco na aplica\u00e7\u00e3o de doses contra a influenza, mas est\u00e3o [&hellip;]<\/p>\n","protected":false},"author":2,"featured_media":354488,"comment_status":"closed","ping_status":"closed","sticky":false,"template":"","format":"standard","meta":{"_acf_changed":false,"footnotes":""},"categories":[161],"tags":[],"class_list":["post-354487","post","type-post","status-publish","format-standard","has-post-thumbnail","hentry","category-quadradinho-em-foco"],"acf":[],"_links":{"self":[{"href":"https:\/\/www.notibras.com\/site\/wp-json\/wp\/v2\/posts\/354487","targetHints":{"allow":["GET"]}}],"collection":[{"href":"https:\/\/www.notibras.com\/site\/wp-json\/wp\/v2\/posts"}],"about":[{"href":"https:\/\/www.notibras.com\/site\/wp-json\/wp\/v2\/types\/post"}],"author":[{"embeddable":true,"href":"https:\/\/www.notibras.com\/site\/wp-json\/wp\/v2\/users\/2"}],"replies":[{"embeddable":true,"href":"https:\/\/www.notibras.com\/site\/wp-json\/wp\/v2\/comments?post=354487"}],"version-history":[{"count":1,"href":"https:\/\/www.notibras.com\/site\/wp-json\/wp\/v2\/posts\/354487\/revisions"}],"predecessor-version":[{"id":354489,"href":"https:\/\/www.notibras.com\/site\/wp-json\/wp\/v2\/posts\/354487\/revisions\/354489"}],"wp:featuredmedia":[{"embeddable":true,"href":"https:\/\/www.notibras.com\/site\/wp-json\/wp\/v2\/media\/354488"}],"wp:attachment":[{"href":"https:\/\/www.notibras.com\/site\/wp-json\/wp\/v2\/media?parent=354487"}],"wp:term":[{"taxonomy":"category","embeddable":true,"href":"https:\/\/www.notibras.com\/site\/wp-json\/wp\/v2\/categories?post=354487"},{"taxonomy":"post_tag","embeddable":true,"href":"https:\/\/www.notibras.com\/site\/wp-json\/wp\/v2\/tags?post=354487"}],"curies":[{"name":"wp","href":"https:\/\/api.w.org\/{rel}","templated":true}]}}