{"id":354530,"date":"2025-05-25T12:59:39","date_gmt":"2025-05-25T15:59:39","guid":{"rendered":"https:\/\/www.notibras.com\/site\/?p=354530"},"modified":"2025-05-25T12:59:39","modified_gmt":"2025-05-25T15:59:39","slug":"adolescente-nordestina-se-perde-e-vira-fabrica-precoce-de-fazer-menino","status":"publish","type":"post","link":"https:\/\/www.notibras.com\/site\/adolescente-nordestina-se-perde-e-vira-fabrica-precoce-de-fazer-menino\/","title":{"rendered":"Adolescente nordestina se perde e vira f\u00e1brica precoce de fazer menino"},"content":{"rendered":"<p>Nos dias de hoje, \u00e9 cada vez mais comum ver adolescentes fazendo uso de anticoncepcionais para evitar uma gravidez indesejada. Mas no Nordeste nem sempre \u00e9 assim. A p\u00edlula, que antes era associada principalmente a mulheres adultas, tornou-se parte da rotina de muitas jovens ainda na escola, embora isso nem sempre resolva.<\/p>\n<p>Segundo dados recentes do Minist\u00e9rio da Sa\u00fade, o uso de m\u00e9todos contraceptivos entre adolescentes de 14 a 19 anos aumentou nos \u00faltimos anos. O principal motivo, segundo especialistas, \u00e9 o medo de uma gravidez precoce, que pode afetar estudos, carreira e vida pessoal.<\/p>\n<p>&#8220;A informa\u00e7\u00e3o est\u00e1 mais acess\u00edvel, mas muitas vezes vem sem a orienta\u00e7\u00e3o adequada&#8221;, explica a ginecologista Dra. Carla Mendes. &#8220;Muitas adolescentes come\u00e7am a usar a p\u00edlula por conta pr\u00f3pria ou com orienta\u00e7\u00e3o de amigas, sem consultar um m\u00e9dico.&#8221;<\/p>\n<p>Al\u00e9m dos anticoncepcionais orais, outras op\u00e7\u00f5es como inje\u00e7\u00f5es, implantes e DIU tamb\u00e9m t\u00eam sido buscadas por adolescentes com apoio de suas fam\u00edlias. No entanto, especialistas alertam que o uso de contraceptivos deve ser sempre acompanhado por um profissional da sa\u00fade para garantir seguran\u00e7a e efic\u00e1cia.<\/p>\n<p>Outro ponto importante \u00e9 que o uso da p\u00edlula n\u00e3o protege contra infec\u00e7\u00f5es sexualmente transmiss\u00edveis (ISTs), o que refor\u00e7a a necessidade da dupla prote\u00e7\u00e3o \u2014 o uso do preservativo junto ao anticoncepcional.<\/p>\n<p>A preven\u00e7\u00e3o \u00e9 essencial, mas o di\u00e1logo aberto com pais, escolas e profissionais da sa\u00fade \u00e9 ainda mais importante. Educa\u00e7\u00e3o sexual de qualidade pode ajudar jovens a tomarem decis\u00f5es conscientes sobre seus corpos e suas escolhas.<\/p>\n","protected":false},"excerpt":{"rendered":"<p>Nos dias de hoje, \u00e9 cada vez mais comum ver adolescentes fazendo uso de anticoncepcionais para evitar uma gravidez indesejada. Mas no Nordeste nem sempre \u00e9 assim. A p\u00edlula, que antes era associada principalmente a mulheres adultas, tornou-se parte da rotina de muitas jovens ainda na escola, embora isso nem sempre resolva. Segundo dados recentes [&hellip;]<\/p>\n","protected":false},"author":2,"featured_media":354531,"comment_status":"closed","ping_status":"closed","sticky":false,"template":"","format":"standard","meta":{"_acf_changed":false,"footnotes":""},"categories":[165],"tags":[],"class_list":["post-354530","post","type-post","status-publish","format-standard","has-post-thumbnail","hentry","category-nordeste"],"acf":[],"_links":{"self":[{"href":"https:\/\/www.notibras.com\/site\/wp-json\/wp\/v2\/posts\/354530","targetHints":{"allow":["GET"]}}],"collection":[{"href":"https:\/\/www.notibras.com\/site\/wp-json\/wp\/v2\/posts"}],"about":[{"href":"https:\/\/www.notibras.com\/site\/wp-json\/wp\/v2\/types\/post"}],"author":[{"embeddable":true,"href":"https:\/\/www.notibras.com\/site\/wp-json\/wp\/v2\/users\/2"}],"replies":[{"embeddable":true,"href":"https:\/\/www.notibras.com\/site\/wp-json\/wp\/v2\/comments?post=354530"}],"version-history":[{"count":1,"href":"https:\/\/www.notibras.com\/site\/wp-json\/wp\/v2\/posts\/354530\/revisions"}],"predecessor-version":[{"id":354532,"href":"https:\/\/www.notibras.com\/site\/wp-json\/wp\/v2\/posts\/354530\/revisions\/354532"}],"wp:featuredmedia":[{"embeddable":true,"href":"https:\/\/www.notibras.com\/site\/wp-json\/wp\/v2\/media\/354531"}],"wp:attachment":[{"href":"https:\/\/www.notibras.com\/site\/wp-json\/wp\/v2\/media?parent=354530"}],"wp:term":[{"taxonomy":"category","embeddable":true,"href":"https:\/\/www.notibras.com\/site\/wp-json\/wp\/v2\/categories?post=354530"},{"taxonomy":"post_tag","embeddable":true,"href":"https:\/\/www.notibras.com\/site\/wp-json\/wp\/v2\/tags?post=354530"}],"curies":[{"name":"wp","href":"https:\/\/api.w.org\/{rel}","templated":true}]}}