{"id":354559,"date":"2025-05-26T00:59:47","date_gmt":"2025-05-26T03:59:47","guid":{"rendered":"https:\/\/www.notibras.com\/site\/?p=354559"},"modified":"2025-05-26T00:59:59","modified_gmt":"2025-05-26T03:59:59","slug":"tecnologia-chega-finca-raizes-e-ajuda-nordeste-a-crescer","status":"publish","type":"post","link":"https:\/\/www.notibras.com\/site\/tecnologia-chega-finca-raizes-e-ajuda-nordeste-a-crescer\/","title":{"rendered":"Tecnologia chega, finca ra\u00edzes e ajuda Nordeste a crescer"},"content":{"rendered":"<p>Nos \u00faltimos anos, o Nordeste brasileiro tem se destacado como um dos polos emergentes de inova\u00e7\u00e3o tecnol\u00f3gica no pa\u00eds. Uma regi\u00e3o historicamente marcada por desafios socioecon\u00f4micos, agora passa por uma silenciosa revolu\u00e7\u00e3o digital que vem se acumulando aos poucos, mas de forma consistente, sobre seu territ\u00f3rio.<\/p>\n<p>Capitais como Recife, Fortaleza e Salvador lideram essa transforma\u00e7\u00e3o. O Porto Digital, em Recife, \u00e9 um dos maiores parques tecnol\u00f3gicos do Brasil e abriga centenas de startups e empresas voltadas para tecnologia da informa\u00e7\u00e3o, comunica\u00e7\u00e3o e economia criativa. Criado em 2000, ele se tornou refer\u00eancia de como planejamento estrat\u00e9gico, investimento p\u00fablico e privado, e incentivo \u00e0 educa\u00e7\u00e3o podem mudar o rumo de uma cidade e de uma regi\u00e3o.<\/p>\n<p>O crescimento tecnol\u00f3gico n\u00e3o acontece sem pessoas preparadas. Universidades como a UFPE, UFRN e UFC t\u00eam desempenhado papel crucial na forma\u00e7\u00e3o de m\u00e3o de obra qualificada. Al\u00e9m disso, programas como o Arco Tech, em Salvador, e iniciativas privadas de ensino de programa\u00e7\u00e3o e rob\u00f3tica nas periferias v\u00eam criando novas oportunidades para jovens que antes estavam \u00e0 margem da economia digital.<\/p>\n<p>O Nordeste tamb\u00e9m vem se destacando pela cria\u00e7\u00e3o de startups com impacto social. Plataformas que facilitam o acesso \u00e0 sa\u00fade, educa\u00e7\u00e3o e servi\u00e7os p\u00fablicos nas comunidades mais carentes t\u00eam surgido e ganhado reconhecimento nacional e internacional. Muitas dessas solu\u00e7\u00f5es foram criadas por nordestinos para resolver problemas locais, mostrando que a tecnologia pode, sim, nascer do sert\u00e3o.<\/p>\n<p>Apesar dos avan\u00e7os, a desigualdade no acesso \u00e0 tecnologia ainda \u00e9 um entrave. Em zonas rurais e cidades menores, a conectividade ainda \u00e9 prec\u00e1ria. Faltam infraestrutura de internet, capacita\u00e7\u00e3o e incentivos para empreendedores do interior. A \u201ctecnologia que veio acumulando\u201d ainda n\u00e3o se espalhou de forma igualit\u00e1ria, mas h\u00e1 sinais de mudan\u00e7a.<\/p>\n<p>A trajet\u00f3ria da tecnologia no Nordeste mostra que n\u00e3o se trata apenas de inova\u00e7\u00e3o, mas de resili\u00eancia e identidade. A regi\u00e3o tem abra\u00e7ado a transforma\u00e7\u00e3o digital sem perder sua cultura e ra\u00edzes. E, se continuar nesse ritmo, poder\u00e1 se tornar um modelo de desenvolvimento tecnol\u00f3gico inclusivo e sustent\u00e1vel para o resto do Brasil.<\/p>\n","protected":false},"excerpt":{"rendered":"<p>Nos \u00faltimos anos, o Nordeste brasileiro tem se destacado como um dos polos emergentes de inova\u00e7\u00e3o tecnol\u00f3gica no pa\u00eds. Uma regi\u00e3o historicamente marcada por desafios socioecon\u00f4micos, agora passa por uma silenciosa revolu\u00e7\u00e3o digital que vem se acumulando aos poucos, mas de forma consistente, sobre seu territ\u00f3rio. Capitais como Recife, Fortaleza e Salvador lideram essa transforma\u00e7\u00e3o. [&hellip;]<\/p>\n","protected":false},"author":2,"featured_media":354560,"comment_status":"closed","ping_status":"closed","sticky":false,"template":"","format":"standard","meta":{"_acf_changed":false,"footnotes":""},"categories":[165],"tags":[],"class_list":["post-354559","post","type-post","status-publish","format-standard","has-post-thumbnail","hentry","category-nordeste"],"acf":[],"_links":{"self":[{"href":"https:\/\/www.notibras.com\/site\/wp-json\/wp\/v2\/posts\/354559","targetHints":{"allow":["GET"]}}],"collection":[{"href":"https:\/\/www.notibras.com\/site\/wp-json\/wp\/v2\/posts"}],"about":[{"href":"https:\/\/www.notibras.com\/site\/wp-json\/wp\/v2\/types\/post"}],"author":[{"embeddable":true,"href":"https:\/\/www.notibras.com\/site\/wp-json\/wp\/v2\/users\/2"}],"replies":[{"embeddable":true,"href":"https:\/\/www.notibras.com\/site\/wp-json\/wp\/v2\/comments?post=354559"}],"version-history":[{"count":1,"href":"https:\/\/www.notibras.com\/site\/wp-json\/wp\/v2\/posts\/354559\/revisions"}],"predecessor-version":[{"id":354561,"href":"https:\/\/www.notibras.com\/site\/wp-json\/wp\/v2\/posts\/354559\/revisions\/354561"}],"wp:featuredmedia":[{"embeddable":true,"href":"https:\/\/www.notibras.com\/site\/wp-json\/wp\/v2\/media\/354560"}],"wp:attachment":[{"href":"https:\/\/www.notibras.com\/site\/wp-json\/wp\/v2\/media?parent=354559"}],"wp:term":[{"taxonomy":"category","embeddable":true,"href":"https:\/\/www.notibras.com\/site\/wp-json\/wp\/v2\/categories?post=354559"},{"taxonomy":"post_tag","embeddable":true,"href":"https:\/\/www.notibras.com\/site\/wp-json\/wp\/v2\/tags?post=354559"}],"curies":[{"name":"wp","href":"https:\/\/api.w.org\/{rel}","templated":true}]}}