{"id":354562,"date":"2025-05-26T01:04:47","date_gmt":"2025-05-26T04:04:47","guid":{"rendered":"https:\/\/www.notibras.com\/site\/?p=354562"},"modified":"2025-05-26T01:04:47","modified_gmt":"2025-05-26T04:04:47","slug":"a-historia-e-a-lenda-de-comadre-florzinha","status":"publish","type":"post","link":"https:\/\/www.notibras.com\/site\/a-historia-e-a-lenda-de-comadre-florzinha\/","title":{"rendered":"A hist\u00f3ria e a lenda de Comadre Florzinha"},"content":{"rendered":"<p>Dizem que toda cidade pequena tem seus fantasmas. Em algumas, eles vestem branco e arrastam correntes. Em outras, usam v\u00e9u e aparecem nos espelhos. Mas l\u00e1 no sert\u00e3o de Pernambuco, os fantasmas t\u00eam flor no cabelo e cheiro de mato fresco. Um deles atende pelo nome de Comadre Florzinha<\/p>\n<p>Era uma vez uma mo\u00e7a que andava pelas trilhas das matas com passos leves como o vento e olhos brilhantes como estrelas rec\u00e9m-nascidas. N\u00e3o se sabia ao certo de onde viera \u2014 uns diziam que era filha de um encantado com uma mulher da terra, outros juravam que era uma \u00edndia que conhecera os segredos das ervas e dos ventos.<\/p>\n<p>Florzinha tinha fama de justiceira. Quando um homem tratava mal sua mulher, bastava ele se embrenhar no mato e logo se ouvia um uivo estranho, como de um vento bravo que sussurrava promessas. Depois disso, o tal sujeito voltava calado, tremendo, jurando que nunca mais punha a m\u00e3o em mulher nenhuma. E cumpria.<\/p>\n<p>Mas isso \u00e9 a lenda.<\/p>\n<p>A hist\u00f3ria, aquela mais silenciosa que s\u00f3 vive nos sussurros das senhoras mais velhas na cal\u00e7ada, conta que Florzinha foi uma mulher real. Morrera jovem, dizem, defendendo outra mo\u00e7a das garras de um coronel. Sua coragem virou mem\u00f3ria, sua mem\u00f3ria virou mito, e o mito criou ra\u00edzes nas veredas e nas folhas da mata.<\/p>\n<p>Hoje, quem passa por aquelas bandas ainda sente o perfume doce de flores de laranjeira no ar. E se voc\u00ea for homem e n\u00e3o tiver boas inten\u00e7\u00f5es, melhor nem se arriscar nas trilhas. Florzinha n\u00e3o gosta de covardes nem de valent\u00f5es. Ela aparece com um vestido branco que parece n\u00e9voa e olhos que brilham como lamparinas de alma.<\/p>\n<p>Ningu\u00e9m a v\u00ea duas vezes \u2014 uma \u00e9 li\u00e7\u00e3o, duas \u00e9 castigo.<\/p>\n<p>E assim, entre a lenda e a hist\u00f3ria, Comadre Florzinha segue viva. Nas conversas ao p\u00e9 do fogo, nas cantigas de ninar e nos sil\u00eancios da mata. Uma guardi\u00e3 invis\u00edvel, que planta justi\u00e7a onde antes s\u00f3 havia medo.<\/p>\n<p>Porque toda cidade pequena tem seus fantasmas. Mas poucos s\u00e3o t\u00e3o floridos quanto ela.<\/p>\n","protected":false},"excerpt":{"rendered":"<p>Dizem que toda cidade pequena tem seus fantasmas. Em algumas, eles vestem branco e arrastam correntes. Em outras, usam v\u00e9u e aparecem nos espelhos. Mas l\u00e1 no sert\u00e3o de Pernambuco, os fantasmas t\u00eam flor no cabelo e cheiro de mato fresco. Um deles atende pelo nome de Comadre Florzinha Era uma vez uma mo\u00e7a que [&hellip;]<\/p>\n","protected":false},"author":2,"featured_media":354563,"comment_status":"closed","ping_status":"closed","sticky":false,"template":"","format":"standard","meta":{"_acf_changed":false,"footnotes":""},"categories":[165],"tags":[],"class_list":["post-354562","post","type-post","status-publish","format-standard","has-post-thumbnail","hentry","category-nordeste"],"acf":[],"_links":{"self":[{"href":"https:\/\/www.notibras.com\/site\/wp-json\/wp\/v2\/posts\/354562","targetHints":{"allow":["GET"]}}],"collection":[{"href":"https:\/\/www.notibras.com\/site\/wp-json\/wp\/v2\/posts"}],"about":[{"href":"https:\/\/www.notibras.com\/site\/wp-json\/wp\/v2\/types\/post"}],"author":[{"embeddable":true,"href":"https:\/\/www.notibras.com\/site\/wp-json\/wp\/v2\/users\/2"}],"replies":[{"embeddable":true,"href":"https:\/\/www.notibras.com\/site\/wp-json\/wp\/v2\/comments?post=354562"}],"version-history":[{"count":1,"href":"https:\/\/www.notibras.com\/site\/wp-json\/wp\/v2\/posts\/354562\/revisions"}],"predecessor-version":[{"id":354564,"href":"https:\/\/www.notibras.com\/site\/wp-json\/wp\/v2\/posts\/354562\/revisions\/354564"}],"wp:featuredmedia":[{"embeddable":true,"href":"https:\/\/www.notibras.com\/site\/wp-json\/wp\/v2\/media\/354563"}],"wp:attachment":[{"href":"https:\/\/www.notibras.com\/site\/wp-json\/wp\/v2\/media?parent=354562"}],"wp:term":[{"taxonomy":"category","embeddable":true,"href":"https:\/\/www.notibras.com\/site\/wp-json\/wp\/v2\/categories?post=354562"},{"taxonomy":"post_tag","embeddable":true,"href":"https:\/\/www.notibras.com\/site\/wp-json\/wp\/v2\/tags?post=354562"}],"curies":[{"name":"wp","href":"https:\/\/api.w.org\/{rel}","templated":true}]}}