{"id":354565,"date":"2025-05-26T08:32:45","date_gmt":"2025-05-26T11:32:45","guid":{"rendered":"https:\/\/www.notibras.com\/site\/?p=354565"},"modified":"2025-05-26T09:35:13","modified_gmt":"2025-05-26T12:35:13","slug":"comeca-a-chegar-segunda-parcela-da-antecipacao-do-13o","status":"publish","type":"post","link":"https:\/\/www.notibras.com\/site\/comeca-a-chegar-segunda-parcela-da-antecipacao-do-13o\/","title":{"rendered":"Come\u00e7a a chegar segunda parcela da antecipa\u00e7\u00e3o do 13\u00ba"},"content":{"rendered":"<p>Cerca de 34,2 milh\u00f5es de aposentados, pensionistas e benefici\u00e1rios de aux\u00edlios do Instituto Nacional do Seguro Social (INSS) come\u00e7am a receber nesta segunda-feira (26) a segunda parcela do 13\u00ba. Feito de forma escalonada, conforme o d\u00edgito final do N\u00famero de Inscri\u00e7\u00e3o Social (NIS), o pagamento vai at\u00e9 6 de junho.<\/p>\n<p>Com a previs\u00e3o de injetar R$ 73,3 bilh\u00f5es na economia, a antecipa\u00e7\u00e3o do d\u00e9cimo terceiro do INSS foi programada para ser paga em duas parcelas. A primeira parcela foi paga de 24 de abril a 8 de maio.<\/p>\n<p>As datas s\u00e3o definidas com base no d\u00edgito final do NIS e na renda do benefici\u00e1rio. Quem ganha apenas o sal\u00e1rio m\u00ednimo come\u00e7a a receber antes de quem recebe mais que o m\u00ednimo.<\/p>\n<p>A consulta pode ser feita no aplicativo Meu INSS, dispon\u00edvel para celulares e tablets, ou no site gov.br\/meuinss. Quem n\u00e3o tiver acesso \u00e0 internet pode consultar a libera\u00e7\u00e3o do d\u00e9cimo terceiro pelo telefone 135. Nesse caso, \u00e9 necess\u00e1rio informar o n\u00famero do Cadastro de Pessoas F\u00edsicas (CPF) e confirmar alguns dados ao atendente antes de fazer a consulta. O atendimento telef\u00f4nico est\u00e1 dispon\u00edvel de segunda a s\u00e1bado, das 7h \u00e0s 22h.<\/p>\n<p>O decreto com a antecipa\u00e7\u00e3o do 13\u00ba do INSS foi assinado no in\u00edcio de abril pelo presidente Luiz In\u00e1cio Lula da Silva. \u00c9 o sexto ano seguido em que os segurados do INSS receber\u00e3o o 13\u00ba antes das datas tradicionais, em agosto e em dezembro. Em 2020 e 2021, o pagamento ocorreu mais cedo por causa da pandemia da covid-19. Em 2022 e 2023, as parcelas foram pagas em maio e junho. Em 2024, em abril e maio.<\/p>\n<p>Conforme os dados mais recentes do INSS, de fevereiro, 28,68 milh\u00f5es de pessoas, cerca de 70,5% do total dos segurados do INSS, ganham at\u00e9 um sal\u00e1rio m\u00ednimo por m\u00eas (R$ 1.518) e 11,98 milh\u00f5es de benefici\u00e1rios recebem acima do piso nacional, sendo que desse total, 10,6 mil ganham o teto da Previd\u00eancia Social, de R$ 8.157,41.<\/p>\n<p>A maioria dos aposentados e pensionistas receber\u00e3o 50% do d\u00e9cimo terceiro na primeira parcela. A exce\u00e7\u00e3o \u00e9 para quem passou a receber o benef\u00edcio depois de janeiro e ter\u00e1 o valor calculado proporcionalmente.<\/p>\n<p>O Minist\u00e9rio da Previd\u00eancia esclarece que os segurados que recebem benef\u00edcio por incapacidade tempor\u00e1ria (antigo aux\u00edlio-doen\u00e7a) tamb\u00e9m t\u00eam direito a uma parcela menor do d\u00e9cimo terceiro, calculada de acordo com a dura\u00e7\u00e3o do benef\u00edcio. Por lei, os segurados que recebem benef\u00edcios assistenciais, como o Benef\u00edcio de Presta\u00e7\u00e3o Continuada (BPC) e o Renda Mensal Vital\u00edcia, n\u00e3o t\u00eam direito ao d\u00e9cimo terceiro.<\/p>\n<p><strong>Devolu\u00e7\u00e3o de descontos<\/strong><br \/>\nTamb\u00e9m nesta segunda-feira (26), o INSS come\u00e7a a reembolsar R$ 292 milh\u00f5es a aposentados e pensionistas que tiveram descontos indevidos de entidades associativas em abril. A devolu\u00e7\u00e3o seguir\u00e1 o calend\u00e1rio de pagamento do d\u00e9cimo terceiro, segundo o d\u00edgito final do NIS e a faixa de renda do segurado.<\/p>\n<p>A devolu\u00e7\u00e3o abrange apenas os descontos do m\u00eas passado, que foram cancelados ap\u00f3s a folha de pagamento ter rodado. O dinheiro descontado indevidamente antes de abril ainda est\u00e1 sendo analisado pelo governo.<\/p>\n<p>Notificados pelo INSS desde o dia 13, os aposentados e pensionistas que tiveram descontos de entidades e associa\u00e7\u00f5es entre 2019 e 2025 precisam informar se a retirada foi autorizada ou ilegal. Caso o desconto n\u00e3o tenha sido autorizado, o segurado pode pedir a devolu\u00e7\u00e3o pelo aplicativo Meu INSS e pelo telefone 135.<\/p>\n<p>A partir do dia 30, as v\u00edtimas de fraudes no INSS tamb\u00e9m poder\u00e3o ser atendidos em uma ag\u00eancia dos Correios.<\/p>\n<p>A medida pretende beneficiar segurados com dificuldade de acesso \u00e0 telefonia e \u00e0 tecnologia.<\/p>\n<p>&nbsp;<\/p>\n","protected":false},"excerpt":{"rendered":"<p>Cerca de 34,2 milh\u00f5es de aposentados, pensionistas e benefici\u00e1rios de aux\u00edlios do Instituto Nacional do Seguro Social (INSS) come\u00e7am a receber nesta segunda-feira (26) a segunda parcela do 13\u00ba. Feito de forma escalonada, conforme o d\u00edgito final do N\u00famero de Inscri\u00e7\u00e3o Social (NIS), o pagamento vai at\u00e9 6 de junho. Com a previs\u00e3o de injetar [&hellip;]<\/p>\n","protected":false},"author":2,"featured_media":354566,"comment_status":"closed","ping_status":"closed","sticky":false,"template":"","format":"standard","meta":{"_acf_changed":false,"footnotes":""},"categories":[161],"tags":[],"class_list":["post-354565","post","type-post","status-publish","format-standard","has-post-thumbnail","hentry","category-quadradinho-em-foco"],"acf":[],"_links":{"self":[{"href":"https:\/\/www.notibras.com\/site\/wp-json\/wp\/v2\/posts\/354565","targetHints":{"allow":["GET"]}}],"collection":[{"href":"https:\/\/www.notibras.com\/site\/wp-json\/wp\/v2\/posts"}],"about":[{"href":"https:\/\/www.notibras.com\/site\/wp-json\/wp\/v2\/types\/post"}],"author":[{"embeddable":true,"href":"https:\/\/www.notibras.com\/site\/wp-json\/wp\/v2\/users\/2"}],"replies":[{"embeddable":true,"href":"https:\/\/www.notibras.com\/site\/wp-json\/wp\/v2\/comments?post=354565"}],"version-history":[{"count":1,"href":"https:\/\/www.notibras.com\/site\/wp-json\/wp\/v2\/posts\/354565\/revisions"}],"predecessor-version":[{"id":354567,"href":"https:\/\/www.notibras.com\/site\/wp-json\/wp\/v2\/posts\/354565\/revisions\/354567"}],"wp:featuredmedia":[{"embeddable":true,"href":"https:\/\/www.notibras.com\/site\/wp-json\/wp\/v2\/media\/354566"}],"wp:attachment":[{"href":"https:\/\/www.notibras.com\/site\/wp-json\/wp\/v2\/media?parent=354565"}],"wp:term":[{"taxonomy":"category","embeddable":true,"href":"https:\/\/www.notibras.com\/site\/wp-json\/wp\/v2\/categories?post=354565"},{"taxonomy":"post_tag","embeddable":true,"href":"https:\/\/www.notibras.com\/site\/wp-json\/wp\/v2\/tags?post=354565"}],"curies":[{"name":"wp","href":"https:\/\/api.w.org\/{rel}","templated":true}]}}