{"id":354568,"date":"2025-05-26T09:45:17","date_gmt":"2025-05-26T12:45:17","guid":{"rendered":"https:\/\/www.notibras.com\/site\/?p=354568"},"modified":"2025-05-26T09:45:17","modified_gmt":"2025-05-26T12:45:17","slug":"um-dia-daqueles-como-tantos-outros-na-dificil-rotina-das-maes","status":"publish","type":"post","link":"https:\/\/www.notibras.com\/site\/um-dia-daqueles-como-tantos-outros-na-dificil-rotina-das-maes\/","title":{"rendered":"Um dia daqueles como tantos outros na dif\u00edcil rotina das m\u00e3es"},"content":{"rendered":"<p>Quando n\u00e3o consigo dormir direito, fa\u00e7o minhas coisas numa pregui\u00e7a danada, como se fosse arrastada pela consci\u00eancia, que pesa dolorida. Tudo parece precisar de esfor\u00e7o redobrado para ser feito, enquanto meu corpo, sonolento pela falta de repouso adequado, move-se que nem l\u00edquido se deslocando em busca de soluto. Pura osmose!<\/p>\n<p>\u2014 M\u00e3e, cad\u00ea meu estojo?<\/p>\n<p>\u2014 Amor, voc\u00ea viu minha gravata listrada?<\/p>\n<p>\u2014 M\u00e3\u00e3\u00e3eee, a senhora sabe onde coloquei a minha saia lil\u00e1s.<\/p>\n<p>Enquanto luto contra minhas p\u00e1lpebras, meus filhos e meu marido me cobram coisas que s\u00e3o da conta deles. Tento manter um sorriso amig\u00e1vel, mas creio que a vontade de me transformar em pura ironia vence qualquer pretens\u00e3o de ser politicamente correta em hora t\u00e3o inapropriada para ser arrancada da cama.<\/p>\n<p>\u2014 Voc\u00ea viu?<\/p>\n<p>\u2014 Vi o qu\u00ea, Marco Ant\u00f4nio?<\/p>\n<p>\u2014 A minha gravata.<\/p>\n<p>\u2014 Que gravata?<\/p>\n<p>\u2014 Aquela azul com listras.<\/p>\n<p>\u2014 N\u00e3o, amor da minha vida, n\u00e3o vi.<\/p>\n<p>\u2014 Onde ser\u00e1 que ela est\u00e1?<\/p>\n<p>\u2014 Sei l\u00e1! Na verdade, n\u00e3o me lembro da \u00faltima vez que a usei.<\/p>\n<p>\u2014 Voc\u00ea usou a minha gravata?<\/p>\n<p>\u00c9 incr\u00edvel que o meu esposo n\u00e3o entende sarcasmo. Ou ser\u00e1 isso caracter\u00edstica dos homens em geral, como se algo lhes faltasse na cabe\u00e7a. Ser\u00e1 que eles s\u00e3o desprovidos de c\u00e9rebro? Entretanto, para n\u00e3o causar imbr\u00f3glio logo cedo, finjo candura.<\/p>\n<p>\u2014 Meu bem, estou brincando. Mas por que voc\u00ea n\u00e3o vai com aquela vermelha? Voc\u00ea fica um gato!<\/p>\n<p>\u2014 S\u00e9rio?<\/p>\n<p>\u2014 S\u00e9rio, meu lindo!<\/p>\n<p>Por sorte, consigo convencer o meu amado a usar a tal gravata de outra cor. Ainda bem ou, ent\u00e3o, era capaz de eu me fazer vi\u00fava pelas pr\u00f3prias m\u00e3os, usando, talvez, a gravata listrada, que n\u00e3o tenho a menor ideia de onde esteja. Mas, antes de eu cantar vit\u00f3ria, eis que meu filho me cobra novamente.<\/p>\n<p>\u2014 M\u00e3e, viu o meu estojo?<\/p>\n<p>\u2014 J\u00e1 olhou na sua mochila, Tadeu?<\/p>\n<p>\u2014 J\u00e1.<\/p>\n<p>\u2014 Me d\u00e1 ela aqui.<\/p>\n<p>Assim que meu primog\u00eanito me entrega a mochila, encontro o tal estojo, que estava bem no fundo.<\/p>\n<p>\u2014 T\u00e1 aqui, Tadeu!<\/p>\n<p>\u2014 Valeu, m\u00e3e!<\/p>\n<p>Dou um suspiro t\u00e3o alto, que minha fam\u00edlia se volta para mim. Ergo os olhos para o teto, como se buscasse me confidenciar com poss\u00edveis duendes escondidos no lustre, heran\u00e7a de vov\u00f3. Tomo coragem e lan\u00e7o uma pergunta, que, pelo tom, parece mais um desafio.<\/p>\n<p>\u2014 Algo mais?<\/p>\n<p>Nenhuma resposta, at\u00e9 que a Lu\u00edsa aparece vestida com uma cal\u00e7a colorida.<\/p>\n<p>\u2014 Que tal, mam\u00e3e?<\/p>\n<p>Antes que eu diga algo, minha filha completa.<\/p>\n<p>\u2014 Hoje vou apresentar um trabalho sobre a Tropic\u00e1lia.<\/p>\n<p>Nem sei se minha menina falou a verdade. Seja como for, parece que ela me entende melhor do que o pai e o irm\u00e3o.<\/p>\n<p>&#8230;&#8230;&#8230;&#8230;&#8230;&#8230;..<\/p>\n<p><strong>Eduardo Mart\u00ednez \u00e9 autor do livro 57 Contos e Cr\u00f4nicas por um Autor Muito Velho\u2019<\/strong><\/p>\n<p>Compre aqui\u00a0<span class=\"x19la9d6 x1fc57z9 x6ikm8r x10wlt62 x19co3pv x1g5zs5t xfibh0p xiy17q3 x1xsqp64 x1lkfr7t xexx8yu x4uap5 x18d9i69 xkhd6sd\"><span class=\"xrtxmta x1bhl96m\"><img decoding=\"async\" class=\"emoji\" role=\"img\" draggable=\"false\" src=\"https:\/\/s.w.org\/images\/core\/emoji\/15.0.3\/svg\/1f447-1f3ff.svg\" alt=\"&#x1f447;&#x1f3ff;\" \/><\/span><\/span><\/p>\n<p><a href=\"https:\/\/www.joanineditora.com.br\/57-contos-e-cronicas-por-um-autor-muito-velho\">https:\/\/www.joanineditora.com.br\/57-contos-e-cronicas-por-um-autor-muito-velho<\/a><\/p>\n","protected":false},"excerpt":{"rendered":"<p>Quando n\u00e3o consigo dormir direito, fa\u00e7o minhas coisas numa pregui\u00e7a danada, como se fosse arrastada pela consci\u00eancia, que pesa dolorida. Tudo parece precisar de esfor\u00e7o redobrado para ser feito, enquanto meu corpo, sonolento pela falta de repouso adequado, move-se que nem l\u00edquido se deslocando em busca de soluto. Pura osmose! \u2014 M\u00e3e, cad\u00ea meu estojo? [&hellip;]<\/p>\n","protected":false},"author":2,"featured_media":354569,"comment_status":"closed","ping_status":"closed","sticky":false,"template":"","format":"standard","meta":{"_acf_changed":false,"footnotes":""},"categories":[161],"tags":[],"class_list":["post-354568","post","type-post","status-publish","format-standard","has-post-thumbnail","hentry","category-quadradinho-em-foco"],"acf":[],"_links":{"self":[{"href":"https:\/\/www.notibras.com\/site\/wp-json\/wp\/v2\/posts\/354568","targetHints":{"allow":["GET"]}}],"collection":[{"href":"https:\/\/www.notibras.com\/site\/wp-json\/wp\/v2\/posts"}],"about":[{"href":"https:\/\/www.notibras.com\/site\/wp-json\/wp\/v2\/types\/post"}],"author":[{"embeddable":true,"href":"https:\/\/www.notibras.com\/site\/wp-json\/wp\/v2\/users\/2"}],"replies":[{"embeddable":true,"href":"https:\/\/www.notibras.com\/site\/wp-json\/wp\/v2\/comments?post=354568"}],"version-history":[{"count":1,"href":"https:\/\/www.notibras.com\/site\/wp-json\/wp\/v2\/posts\/354568\/revisions"}],"predecessor-version":[{"id":354570,"href":"https:\/\/www.notibras.com\/site\/wp-json\/wp\/v2\/posts\/354568\/revisions\/354570"}],"wp:featuredmedia":[{"embeddable":true,"href":"https:\/\/www.notibras.com\/site\/wp-json\/wp\/v2\/media\/354569"}],"wp:attachment":[{"href":"https:\/\/www.notibras.com\/site\/wp-json\/wp\/v2\/media?parent=354568"}],"wp:term":[{"taxonomy":"category","embeddable":true,"href":"https:\/\/www.notibras.com\/site\/wp-json\/wp\/v2\/categories?post=354568"},{"taxonomy":"post_tag","embeddable":true,"href":"https:\/\/www.notibras.com\/site\/wp-json\/wp\/v2\/tags?post=354568"}],"curies":[{"name":"wp","href":"https:\/\/api.w.org\/{rel}","templated":true}]}}