{"id":354571,"date":"2025-05-26T00:46:50","date_gmt":"2025-05-26T03:46:50","guid":{"rendered":"https:\/\/www.notibras.com\/site\/?p=354571"},"modified":"2025-05-26T09:51:12","modified_gmt":"2025-05-26T12:51:12","slug":"comeca-nesta-segunda-corrida-para-vaga-na-faculdade","status":"publish","type":"post","link":"https:\/\/www.notibras.com\/site\/comeca-nesta-segunda-corrida-para-vaga-na-faculdade\/","title":{"rendered":"Come\u00e7a nesta segunda corrida para vaga na faculdade"},"content":{"rendered":"<p>Interessados em participar do Exame Nacional do Ensino M\u00e9dio (Enem) 2025 podem se inscrever a partir desta segunda-feira (26) exclusivamente por meio da P\u00e1gina do Participante. O prazo termina no dia 6 de junho.<\/p>\n<p>Em nota, o Instituto Nacional de Estudos e Pesquisas Educacionais An\u00edsio Teixeira (Inep) refor\u00e7ou que as inscri\u00e7\u00f5es para todos os exames e avalia\u00e7\u00f5es sob sua responsabilidade s\u00f3 podem ser feitas pelos sistemas oficiais da autarquia.<\/p>\n<p>\u201cQualquer outra plataforma ou canal n\u00e3o autorizado configura tentativa de fraude\u201d, destacou a entidade.<\/p>\n<p><strong>Taxa de inscri\u00e7\u00e3o<\/strong><br \/>\nA taxa de inscri\u00e7\u00e3o &#8211; R$ 85 &#8211; pode ser paga por boleto (gerado na P\u00e1gina do Participante), Pix, cart\u00e3o de cr\u00e9dito, d\u00e9bito em conta corrente ou poupan\u00e7a (a depender do banco).<\/p>\n<p>O prazo para realizar o pagamento vai at\u00e9 11 de junho e, segundo o Inep, n\u00e3o haver\u00e1 prorroga\u00e7\u00e3o.<\/p>\n<p><strong>Provas<\/strong><br \/>\nO Enem 2025 ser\u00e1 aplicado nos dias 9 e 16 de novembro em todo o Brasil. O exame \u00e9 composto por quatro provas objetivas, com 45 quest\u00f5es de m\u00faltipla escolha cada e uma reda\u00e7\u00e3o em l\u00edngua portuguesa.<\/p>\n<p>No primeiro dia do exame, ser\u00e3o aplicadas as provas de reda\u00e7\u00e3o e provas objetivas de l\u00edngua portuguesa, l\u00edngua estrangeira (ingl\u00eas ou espanhol), hist\u00f3ria, geografia, filosofia e sociologia. A aplica\u00e7\u00e3o ter\u00e1 cinco horas e 30 minutos de dura\u00e7\u00e3o.<\/p>\n<p>J\u00e1 no segundo dia, ser\u00e3o feitas as provas de matem\u00e1tica, qu\u00edmica, f\u00edsica e biologia. Nesta data, a aplica\u00e7\u00e3o ter\u00e1 cinco horas de dura\u00e7\u00e3o.<\/p>\n<p>Os port\u00f5es de acesso aos locais de prova ser\u00e3o abertos \u00e0s 12h e fechados \u00e0s 13h (hor\u00e1rio de Bras\u00edlia). O in\u00edcio ser\u00e1 \u00e0s 13h30.<\/p>\n<p><strong>Reaplica\u00e7\u00e3o<\/strong><br \/>\nAinda de acordo com o edital, as provas do Enem ser\u00e3o reaplicadas nos dias 16 e 17 de dezembro para participantes que faltaram por problemas log\u00edsticos ou doen\u00e7as infectocontagiosas.<\/p>\n<p><strong>O exame<\/strong><br \/>\nO Enem avalia o desempenho escolar dos estudantes ao t\u00e9rmino da educa\u00e7\u00e3o b\u00e1sica. O exame \u00e9 considerado a principal porta de entrada para a educa\u00e7\u00e3o superior no Brasil, por meio do Sistema de Sele\u00e7\u00e3o Unificada (Sisu) e de iniciativas como o Programa Universidade para Todos (Prouni).<\/p>\n<p>Institui\u00e7\u00f5es de ensino p\u00fablicas e privadas utilizam o Enem para selecionar estudantes. Os resultados funcionam como crit\u00e9rio \u00fanico ou complementar dos processos seletivos, al\u00e9m de servir de par\u00e2metro para acesso a aux\u00edlios governamentais, como o Fundo de Financiamento Estudantil (Fies).<\/p>\n<p>Os resultados individuais do Enem tamb\u00e9m podem ser aproveitados em processos seletivos de institui\u00e7\u00f5es portuguesas de ensino superior que possuem conv\u00eanio com o Inep.<\/p>\n","protected":false},"excerpt":{"rendered":"<p>Interessados em participar do Exame Nacional do Ensino M\u00e9dio (Enem) 2025 podem se inscrever a partir desta segunda-feira (26) exclusivamente por meio da P\u00e1gina do Participante. O prazo termina no dia 6 de junho. Em nota, o Instituto Nacional de Estudos e Pesquisas Educacionais An\u00edsio Teixeira (Inep) refor\u00e7ou que as inscri\u00e7\u00f5es para todos os exames [&hellip;]<\/p>\n","protected":false},"author":2,"featured_media":354572,"comment_status":"closed","ping_status":"closed","sticky":false,"template":"","format":"standard","meta":{"_acf_changed":false,"footnotes":""},"categories":[161],"tags":[],"class_list":["post-354571","post","type-post","status-publish","format-standard","has-post-thumbnail","hentry","category-quadradinho-em-foco"],"acf":[],"_links":{"self":[{"href":"https:\/\/www.notibras.com\/site\/wp-json\/wp\/v2\/posts\/354571","targetHints":{"allow":["GET"]}}],"collection":[{"href":"https:\/\/www.notibras.com\/site\/wp-json\/wp\/v2\/posts"}],"about":[{"href":"https:\/\/www.notibras.com\/site\/wp-json\/wp\/v2\/types\/post"}],"author":[{"embeddable":true,"href":"https:\/\/www.notibras.com\/site\/wp-json\/wp\/v2\/users\/2"}],"replies":[{"embeddable":true,"href":"https:\/\/www.notibras.com\/site\/wp-json\/wp\/v2\/comments?post=354571"}],"version-history":[{"count":1,"href":"https:\/\/www.notibras.com\/site\/wp-json\/wp\/v2\/posts\/354571\/revisions"}],"predecessor-version":[{"id":354573,"href":"https:\/\/www.notibras.com\/site\/wp-json\/wp\/v2\/posts\/354571\/revisions\/354573"}],"wp:featuredmedia":[{"embeddable":true,"href":"https:\/\/www.notibras.com\/site\/wp-json\/wp\/v2\/media\/354572"}],"wp:attachment":[{"href":"https:\/\/www.notibras.com\/site\/wp-json\/wp\/v2\/media?parent=354571"}],"wp:term":[{"taxonomy":"category","embeddable":true,"href":"https:\/\/www.notibras.com\/site\/wp-json\/wp\/v2\/categories?post=354571"},{"taxonomy":"post_tag","embeddable":true,"href":"https:\/\/www.notibras.com\/site\/wp-json\/wp\/v2\/tags?post=354571"}],"curies":[{"name":"wp","href":"https:\/\/api.w.org\/{rel}","templated":true}]}}