{"id":354640,"date":"2025-05-27T00:00:38","date_gmt":"2025-05-27T03:00:38","guid":{"rendered":"https:\/\/www.notibras.com\/site\/?p=354640"},"modified":"2025-05-27T04:52:11","modified_gmt":"2025-05-27T07:52:11","slug":"brasilia-e-a-capital-com-maior-inflacao-na-cesta-basica","status":"publish","type":"post","link":"https:\/\/www.notibras.com\/site\/brasilia-e-a-capital-com-maior-inflacao-na-cesta-basica\/","title":{"rendered":"Bras\u00edlia \u00e9 a capital com maior infla\u00e7\u00e3o na cesta b\u00e1sica"},"content":{"rendered":"<p>Bras\u00edlia registrou a maior alta no custo da cesta b\u00e1sica de novembro de 2024 a abril de 2025. A alta no per\u00edodo foi 7,4%, de R$ 785,68 para R$ 844,01. Nos seis meses, registraram eleva\u00e7\u00e3o no pre\u00e7o da cesta b\u00e1sica as capitais Curitiba (3,3%), S\u00e3o Paulo (3,1%), Belo Horizonte (1,9%) e Fortaleza (0,07%).<\/p>\n<p>Salvador, Rio de Janeiro e Manaus tiveram defla\u00e7\u00e3o, no per\u00edodo, de 0,9%, 3,6%, e 5,8%, respectivamente. S\u00e3o Paulo continua a liderar o ranking da cesta b\u00e1sica mais cara do pa\u00eds, pelo segundo m\u00eas consecutivo (R$ 991,80).<\/p>\n<p>Os dados s\u00e3o da plataforma Cesta de Consumo Neogrid &amp; FGV IBRE, que monitora a varia\u00e7\u00e3o dos pre\u00e7os nas oito maiores capitais brasileiras em popula\u00e7\u00e3o \u2013 Belo Horizonte, Bras\u00edlia, Curitiba, Fortaleza, Manaus, Rio de Janeiro, Salvador e S\u00e3o Paulo.<\/p>\n<p>Nos \u00faltimos seis meses, os produtos com as maiores varia\u00e7\u00f5es de pre\u00e7os foram caf\u00e9, com alta em todas as oito capitais pesquisadas, com destaque para S\u00e3o Paulo (+28%); frutas (eleva\u00e7\u00e3o nas oito capitais, com destaque para Bras\u00edlia, +32,1%); p\u00e3o (alta em seis capitais, destaque para Bras\u00edlia, +31,8%); \u00f3leo (alta em seis capitais, destaque para Bras\u00edlia, +20%); e ovos (alta em sete capitais, com destaque para Fortaleza, +13,1%).<\/p>\n<p>J\u00e1 o arroz, no per\u00edodo, apresentou queda generalizada, com redu\u00e7\u00f5es de dois d\u00edgitos em Belo Horizonte (-13,7%), Rio de Janeiro (-10,5%), Curitiba (-10,2%) e Manaus (-10,1%). A farinha de mandioca teve queda de 21,9% em Manaus e de 10,2% em Salvador, no acumulado dos \u00faltimos seis meses.<\/p>\n","protected":false},"excerpt":{"rendered":"<p>Bras\u00edlia registrou a maior alta no custo da cesta b\u00e1sica de novembro de 2024 a abril de 2025. A alta no per\u00edodo foi 7,4%, de R$ 785,68 para R$ 844,01. Nos seis meses, registraram eleva\u00e7\u00e3o no pre\u00e7o da cesta b\u00e1sica as capitais Curitiba (3,3%), S\u00e3o Paulo (3,1%), Belo Horizonte (1,9%) e Fortaleza (0,07%). Salvador, Rio [&hellip;]<\/p>\n","protected":false},"author":2,"featured_media":354641,"comment_status":"closed","ping_status":"closed","sticky":false,"template":"","format":"standard","meta":{"_acf_changed":false,"footnotes":""},"categories":[161],"tags":[],"class_list":["post-354640","post","type-post","status-publish","format-standard","has-post-thumbnail","hentry","category-quadradinho-em-foco"],"acf":[],"_links":{"self":[{"href":"https:\/\/www.notibras.com\/site\/wp-json\/wp\/v2\/posts\/354640","targetHints":{"allow":["GET"]}}],"collection":[{"href":"https:\/\/www.notibras.com\/site\/wp-json\/wp\/v2\/posts"}],"about":[{"href":"https:\/\/www.notibras.com\/site\/wp-json\/wp\/v2\/types\/post"}],"author":[{"embeddable":true,"href":"https:\/\/www.notibras.com\/site\/wp-json\/wp\/v2\/users\/2"}],"replies":[{"embeddable":true,"href":"https:\/\/www.notibras.com\/site\/wp-json\/wp\/v2\/comments?post=354640"}],"version-history":[{"count":1,"href":"https:\/\/www.notibras.com\/site\/wp-json\/wp\/v2\/posts\/354640\/revisions"}],"predecessor-version":[{"id":354642,"href":"https:\/\/www.notibras.com\/site\/wp-json\/wp\/v2\/posts\/354640\/revisions\/354642"}],"wp:featuredmedia":[{"embeddable":true,"href":"https:\/\/www.notibras.com\/site\/wp-json\/wp\/v2\/media\/354641"}],"wp:attachment":[{"href":"https:\/\/www.notibras.com\/site\/wp-json\/wp\/v2\/media?parent=354640"}],"wp:term":[{"taxonomy":"category","embeddable":true,"href":"https:\/\/www.notibras.com\/site\/wp-json\/wp\/v2\/categories?post=354640"},{"taxonomy":"post_tag","embeddable":true,"href":"https:\/\/www.notibras.com\/site\/wp-json\/wp\/v2\/tags?post=354640"}],"curies":[{"name":"wp","href":"https:\/\/api.w.org\/{rel}","templated":true}]}}