{"id":354643,"date":"2025-05-27T00:56:09","date_gmt":"2025-05-27T03:56:09","guid":{"rendered":"https:\/\/www.notibras.com\/site\/?p=354643"},"modified":"2025-05-27T04:58:00","modified_gmt":"2025-05-27T07:58:00","slug":"concurso-vai-preencher-mil-vagas-na-policia-federal","status":"publish","type":"post","link":"https:\/\/www.notibras.com\/site\/concurso-vai-preencher-mil-vagas-na-policia-federal\/","title":{"rendered":"Concurso vai preencher mil vagas na Pol\u00edcia Federal"},"content":{"rendered":"<p>As inscri\u00e7\u00f5es para o novo concurso p\u00fablico da Pol\u00edcia Federal com mil vagas em carreiras policiais foram abertas nesta segunda-feira (26) e se estendem at\u00e9 as 18 horas de 13 de junho, no hor\u00e1rio oficial de Bras\u00edlia.<\/p>\n<p>Os interessados devem se inscrever exclusivamente no site oficial da banca organizadora, o Centro Brasileiro de Pesquisa em Avalia\u00e7\u00e3o e Sele\u00e7\u00e3o e de Promo\u00e7\u00e3o de Eventos (Cebraspe).<\/p>\n<p>As oportunidades est\u00e3o distribu\u00eddas da seguinte forma: 120 vagas para delegados, 69 para peritos, 630 para agentes, 160 para escriv\u00e3es e 21 para papiloscopistas.<\/p>\n<p><strong>Taxa de inscri\u00e7\u00e3o<\/strong><br \/>\nA taxa de inscri\u00e7\u00e3o varia conforme o cargo disputado. Para disputar as vagas de delegado e de perito criminal da Pol\u00edcia Federal, o valor \u00e9 de R$250.<\/p>\n<p>J\u00e1 para cargos de escriv\u00e3o, agente e papiloscopista, a taxa \u00e9 de R$ 180.<\/p>\n<p>A data final para o pagamento da taxa de inscri\u00e7\u00e3o \u00e9 20 de junho.<\/p>\n<p>Vagas<br \/>\nO concurso exige dos candidatos curso superior e oferece sal\u00e1rios iniciais que variam de R$14.164 a R$ 26,8 mil.<\/p>\n<p>A jornada de trabalho \u00e9 de 40 horas semanais para todos os cargos do certame.<\/p>\n<p><strong>Cotas<\/strong><br \/>\nPara concorrer \u00e0s vagas reservadas a pessoas negras, o candidato dever\u00e1, no ato da inscri\u00e7\u00e3o, optar por concorrer \u00e0s vagas reservadas \u00e0s pessoas negras (20% para cada cargo ou \u00e1rea) e se autodeclarar negro, conforme quesito cor ou ra\u00e7a adotado pelo Instituto Brasileiro de Geografia e Estat\u00edstica (IBGE).<\/p>\n<p>Os candidatos que se autodeclararem negros (pretos ou pardos) passar\u00e3o pelo procedimento de heteroidentifica\u00e7\u00e3o, realizado por uma comiss\u00e3o, para verificar a identidade racial autodeclara pelo candidato.<\/p>\n<p>O edital tamb\u00e9m reserva 5% do total das vagas para cada cargo do processo seletivo a pessoas com defici\u00eancia (PCD).<\/p>\n<p>Para concorrer a uma dessas vagas, o candidato dever\u00e1 assinalar a op\u00e7\u00e3o no ato da inscri\u00e7\u00e3o e enviar imagem leg\u00edvel de laudo caracterizador de defici\u00eancia emitido por profissional de sa\u00fade que atue na \u00e1rea da defici\u00eancia do candidato.<\/p>\n<p>O laudo deve ter sido emitido, no m\u00e1ximo, nos 36 meses anteriores ao \u00faltimo dia de inscri\u00e7\u00e3o (13 de junho).<\/p>\n<p>O candidato com a inscri\u00e7\u00e3o aprovada ser\u00e1 convocado para passar pela avalia\u00e7\u00e3o biopsicossocial promovida por equipe multiprofissional do Cebraspe.<\/p>\n<p>O candidato com defici\u00eancia poder\u00e1 requerer atendimento especializado no ato da inscri\u00e7\u00e3o tanto para o dia em que far\u00e1 as provas, bem como para as demais fases do concurso, devendo indicar as condi\u00e7\u00f5es que necessita.<\/p>\n<p><strong>Provas<\/strong><br \/>\nAs provas objetivas e discursivas de car\u00e1ter eliminat\u00f3rio e classificat\u00f3rio est\u00e3o previstas para 27 de julho e ser\u00e3o aplicadas em todas as capitais e no Distrito Federal.<\/p>\n","protected":false},"excerpt":{"rendered":"<p>As inscri\u00e7\u00f5es para o novo concurso p\u00fablico da Pol\u00edcia Federal com mil vagas em carreiras policiais foram abertas nesta segunda-feira (26) e se estendem at\u00e9 as 18 horas de 13 de junho, no hor\u00e1rio oficial de Bras\u00edlia. Os interessados devem se inscrever exclusivamente no site oficial da banca organizadora, o Centro Brasileiro de Pesquisa em [&hellip;]<\/p>\n","protected":false},"author":2,"featured_media":354644,"comment_status":"closed","ping_status":"closed","sticky":false,"template":"","format":"standard","meta":{"_acf_changed":false,"footnotes":""},"categories":[161],"tags":[],"class_list":["post-354643","post","type-post","status-publish","format-standard","has-post-thumbnail","hentry","category-quadradinho-em-foco"],"acf":[],"_links":{"self":[{"href":"https:\/\/www.notibras.com\/site\/wp-json\/wp\/v2\/posts\/354643","targetHints":{"allow":["GET"]}}],"collection":[{"href":"https:\/\/www.notibras.com\/site\/wp-json\/wp\/v2\/posts"}],"about":[{"href":"https:\/\/www.notibras.com\/site\/wp-json\/wp\/v2\/types\/post"}],"author":[{"embeddable":true,"href":"https:\/\/www.notibras.com\/site\/wp-json\/wp\/v2\/users\/2"}],"replies":[{"embeddable":true,"href":"https:\/\/www.notibras.com\/site\/wp-json\/wp\/v2\/comments?post=354643"}],"version-history":[{"count":1,"href":"https:\/\/www.notibras.com\/site\/wp-json\/wp\/v2\/posts\/354643\/revisions"}],"predecessor-version":[{"id":354645,"href":"https:\/\/www.notibras.com\/site\/wp-json\/wp\/v2\/posts\/354643\/revisions\/354645"}],"wp:featuredmedia":[{"embeddable":true,"href":"https:\/\/www.notibras.com\/site\/wp-json\/wp\/v2\/media\/354644"}],"wp:attachment":[{"href":"https:\/\/www.notibras.com\/site\/wp-json\/wp\/v2\/media?parent=354643"}],"wp:term":[{"taxonomy":"category","embeddable":true,"href":"https:\/\/www.notibras.com\/site\/wp-json\/wp\/v2\/categories?post=354643"},{"taxonomy":"post_tag","embeddable":true,"href":"https:\/\/www.notibras.com\/site\/wp-json\/wp\/v2\/tags?post=354643"}],"curies":[{"name":"wp","href":"https:\/\/api.w.org\/{rel}","templated":true}]}}