{"id":354648,"date":"2025-05-27T00:13:48","date_gmt":"2025-05-27T03:13:48","guid":{"rendered":"https:\/\/www.notibras.com\/site\/?p=354648"},"modified":"2025-05-27T05:15:37","modified_gmt":"2025-05-27T08:15:37","slug":"rede-publica-mobiliza-escolas-para-garantir-acesso-dos-alunos","status":"publish","type":"post","link":"https:\/\/www.notibras.com\/site\/rede-publica-mobiliza-escolas-para-garantir-acesso-dos-alunos\/","title":{"rendered":"Rede p\u00fablica mobiliza escolas para garantir acesso dos alunos"},"content":{"rendered":"<p>As inscri\u00e7\u00f5es para o Exame Nacional do Ensino M\u00e9dio (Enem) come\u00e7aram na segunda-feira (26), e as escolas p\u00fablicas do Distrito Federal j\u00e1 se mobilizam para apoiar os estudantes. No mesmo ritmo do calend\u00e1rio nacional, unidades da rede p\u00fablica organizam mutir\u00f5es nos laborat\u00f3rios de inform\u00e1tica, para oferecer suporte direto aos alunos do 3\u00ba ano na hora de se inscrever. O procedimento deve ser feito pela P\u00e1gina do Participante at\u00e9 o dia 6 de junho.<\/p>\n<p>Neste ano, uma novidade facilitou o processo: os estudantes matriculados no 3\u00ba ano do ensino m\u00e9dio da rede p\u00fablica foram automaticamente isentos da taxa de inscri\u00e7\u00e3o, sem a necessidade de solicitar a isen\u00e7\u00e3o. O sistema j\u00e1 considera um pr\u00e9-cadastro feito pelo site do Instituto Nacional de Estudos e Pesquisas Educacionais An\u00edsio Teixeira (Inep). \u201cO Enem \u00e9, hoje, a principal porta de entrada para universidades p\u00fablicas e privadas, al\u00e9m de possibilitar o ingresso em programas como o SiSU e o Prouni\u201d, destaca o diretor de Ensino M\u00e9dio da Secretaria de Educa\u00e7\u00e3o, Euclides Chacon. Ele ressalta que, para muitos alunos, \u00e9 por meio dessa avalia\u00e7\u00e3o que surgem oportunidades que antes pareciam distantes.<\/p>\n<p>Al\u00e9m do ingresso em institui\u00e7\u00f5es de ensino, o exame tamb\u00e9m amplia horizontes e perspectivas. \u201cO bom desempenho pode garantir bolsas e financiamentos em faculdades particulares, o que amplia as chances de forma\u00e7\u00e3o acad\u00eamica e profissional. O Enem abre portas que v\u00e3o muito al\u00e9m do vestibular tradicional, e oferece caminhos para quem sonha em cursar uma gradua\u00e7\u00e3o e mudar a pr\u00f3pria realidade\u201d, afirma o diretor.<\/p>\n<p>As a\u00e7\u00f5es de apoio aos estudantes mostram que o cuidado com a educa\u00e7\u00e3o est\u00e1 presente em todos os cantos do Quadradinho. O diretor do Centro de Ensino M\u00e9dio 01 de Brazl\u00e2ndia, Ezio de Oliveira, explicou como a escola tem se preparado para ajudar os alunos a enfrentarem os vestibulares com mais confian\u00e7a. \u201cA gente come\u00e7a esse trabalho desde a sala de aula. Os conte\u00fados program\u00e1ticos s\u00e3o voltados para o Enem e para o PAS (Programa de Avalia\u00e7\u00e3o Seriada). Temos um projeto de provas bimestrais, que s\u00e3o corrigidas automaticamente. Os alunos recebem um boletim de desempenho com a quantidade de acertos e erros\u201d, detalha.<\/p>\n<p>Somente no CEM 01 de Brazl\u00e2ndia, cerca de 350 alunos devem se inscrever no Enem. L\u00e1, os alunos realizam uma prova simulada por bimestre, totalizando quatro provas por ano. Elas s\u00e3o elaboradas nos moldes do Enem e do PAS, separadas por cadernos de Ci\u00eancias Humanas, Linguagens, Matem\u00e1tica e Ci\u00eancias da Natureza, al\u00e9m da reda\u00e7\u00e3o. Quando come\u00e7aram esse projeto, a escola aprovava cerca de 12 a 15 alunos na Universidade de Bras\u00edlia (UnB). Atualmente, a aprova\u00e7\u00e3o dos estudantes chega a 100 por ano, gra\u00e7as a essas metodologias.<\/p>\n<p>O impacto dessas avalia\u00e7\u00f5es, segundo o diretor, \u00e9 percept\u00edvel. \u201cEles est\u00e3o esperan\u00e7osos. Vivemos em uma regi\u00e3o perif\u00e9rica, e nosso objetivo \u00e9 mostrar que \u00e9 poss\u00edvel chegar \u00e0 Universidade de Bras\u00edlia (UnB). Queremos que o aluno de escola p\u00fablica tenha acesso \u00e0 universidade p\u00fablica.\u201d<\/p>\n<p>O estudante Pedro Areda, 17, destaca a estrat\u00e9gia pedag\u00f3gica adotada pela escola como diferencial na prepara\u00e7\u00e3o para o Enem. Para ele, a familiaridade com o modelo da prova traz mais seguran\u00e7a no dia do exame. \u201cA gente j\u00e1 viu antes, j\u00e1 teve contato, ent\u00e3o cria uma afinidade que faz diferen\u00e7a\u201d. Pedro reconhece o apoio da escola como essencial nesse processo. \u201cA escola nos ajuda de muitas formas. O que mais noto s\u00e3o os professores, que s\u00e3o excelentes. Est\u00e3o o tempo inteiro tentando ensinar, ajudar, fazer o que podem dentro do que conseguem. Em todas as mat\u00e9rias, em todos os projetos, eles tentam nos preparar da melhor forma poss\u00edvel.\u201d<\/p>\n<p>Participante ativa das atividades de prepara\u00e7\u00e3o para o vestibular oferecidas pela escola, a aluna Alice Oliveira, 17, sonha em cursar odontologia. Para ela, as provas aplicadas no col\u00e9gio s\u00e3o bastante semelhantes \u00e0s dos cursinhos preparat\u00f3rios e contribu\u00edram diretamente para um bom desempenho no PAS 1. Foi em uma dessas avalia\u00e7\u00f5es que ela tirou nota 9 na reda\u00e7\u00e3o, resultado que a motivou a levar a prepara\u00e7\u00e3o mais a s\u00e9rio. Antes disso, nem cogitava tentar uma universidade federal, mas a experi\u00eancia positiva a levou para essa possibilidade.<\/p>\n<p><strong>Do outro lado da cidade<\/strong><br \/>\nO Centro Educacional 08 do Gama mant\u00e9m uma tradi\u00e7\u00e3o de preparar os estudantes para vestibulares, com foco especial no Enem. A expectativa \u00e9 que cerca de 100 estudantes do terceiro ano realizem a inscri\u00e7\u00e3o para o exame este ano. Segundo o diretor Francisco Sobrinho, a escola inicia esse processo ainda na inscri\u00e7\u00e3o, com apoio direto aos alunos. \u201cFazemos quest\u00e3o de orientar os estudantes durante a inscri\u00e7\u00e3o, que acontece no laborat\u00f3rio de inform\u00e1tica da pr\u00f3pria escola. Monitores e professores acompanham cada passo, pois percebemos ao longo dos anos que uma das maiores dificuldades dos alunos era justamente no momento de se inscrever corretamente\u201d, explica.<\/p>\n<p>A prepara\u00e7\u00e3o, no entanto, vai muito al\u00e9m desse momento inicial. Desde o come\u00e7o do ano letivo, os professores trabalham com simulados, corre\u00e7\u00f5es de reda\u00e7\u00f5es e conte\u00fados voltados especificamente para o Enem. H\u00e1 profissionais que aplicam reda\u00e7\u00f5es cronometradas e corrigem uma por uma, apontando os erros e orientando os alunos individualmente.<\/p>\n<p>O engajamento dos alunos tamb\u00e9m \u00e9 um ponto forte. O CED 8 disponibiliza tr\u00eas espa\u00e7os para estudo: uma sala dedicada a quem faz cursinhos online, o laborat\u00f3rio de inform\u00e1tica com quase 30 computadores e o audit\u00f3rio, que comporta cerca de 40 estudantes. Alguns alunos tamb\u00e9m utilizam a sala de leitura da biblioteca.<\/p>\n<p>\u201cEles est\u00e3o esperan\u00e7osos, e nosso trabalho \u00e9 fazer com que se sintam preparados. Inclusive, queremos incentivar ainda mais as inscri\u00e7\u00f5es, at\u00e9 porque, este ano, o Enem poder\u00e1 valer como conclus\u00e3o do ensino m\u00e9dio. E com a isen\u00e7\u00e3o autom\u00e1tica da taxa para alunos da rede p\u00fablica, tudo ficou ainda mais acess\u00edvel\u201d, completa o diretor.<\/p>\n","protected":false},"excerpt":{"rendered":"<p>As inscri\u00e7\u00f5es para o Exame Nacional do Ensino M\u00e9dio (Enem) come\u00e7aram na segunda-feira (26), e as escolas p\u00fablicas do Distrito Federal j\u00e1 se mobilizam para apoiar os estudantes. No mesmo ritmo do calend\u00e1rio nacional, unidades da rede p\u00fablica organizam mutir\u00f5es nos laborat\u00f3rios de inform\u00e1tica, para oferecer suporte direto aos alunos do 3\u00ba ano na hora [&hellip;]<\/p>\n","protected":false},"author":2,"featured_media":354649,"comment_status":"closed","ping_status":"closed","sticky":false,"template":"","format":"standard","meta":{"_acf_changed":false,"footnotes":""},"categories":[161],"tags":[],"class_list":["post-354648","post","type-post","status-publish","format-standard","has-post-thumbnail","hentry","category-quadradinho-em-foco"],"acf":[],"_links":{"self":[{"href":"https:\/\/www.notibras.com\/site\/wp-json\/wp\/v2\/posts\/354648","targetHints":{"allow":["GET"]}}],"collection":[{"href":"https:\/\/www.notibras.com\/site\/wp-json\/wp\/v2\/posts"}],"about":[{"href":"https:\/\/www.notibras.com\/site\/wp-json\/wp\/v2\/types\/post"}],"author":[{"embeddable":true,"href":"https:\/\/www.notibras.com\/site\/wp-json\/wp\/v2\/users\/2"}],"replies":[{"embeddable":true,"href":"https:\/\/www.notibras.com\/site\/wp-json\/wp\/v2\/comments?post=354648"}],"version-history":[{"count":1,"href":"https:\/\/www.notibras.com\/site\/wp-json\/wp\/v2\/posts\/354648\/revisions"}],"predecessor-version":[{"id":354650,"href":"https:\/\/www.notibras.com\/site\/wp-json\/wp\/v2\/posts\/354648\/revisions\/354650"}],"wp:featuredmedia":[{"embeddable":true,"href":"https:\/\/www.notibras.com\/site\/wp-json\/wp\/v2\/media\/354649"}],"wp:attachment":[{"href":"https:\/\/www.notibras.com\/site\/wp-json\/wp\/v2\/media?parent=354648"}],"wp:term":[{"taxonomy":"category","embeddable":true,"href":"https:\/\/www.notibras.com\/site\/wp-json\/wp\/v2\/categories?post=354648"},{"taxonomy":"post_tag","embeddable":true,"href":"https:\/\/www.notibras.com\/site\/wp-json\/wp\/v2\/tags?post=354648"}],"curies":[{"name":"wp","href":"https:\/\/api.w.org\/{rel}","templated":true}]}}