{"id":354655,"date":"2025-05-27T00:31:53","date_gmt":"2025-05-27T03:31:53","guid":{"rendered":"https:\/\/www.notibras.com\/site\/?p=354655"},"modified":"2025-05-27T05:34:49","modified_gmt":"2025-05-27T08:34:49","slug":"marina-cobra-acao-dura-para-nordeste-ter-agua-potavel-e-saneamento","status":"publish","type":"post","link":"https:\/\/www.notibras.com\/site\/marina-cobra-acao-dura-para-nordeste-ter-agua-potavel-e-saneamento\/","title":{"rendered":"Marina cobra a\u00e7\u00e3o dura para Nordeste ter \u00e1gua pot\u00e1vel e saneamento"},"content":{"rendered":"<p>A ministra do Meio Ambiente e Mudan\u00e7a do Clima, Marina Silva, disse nesta segunda-feira (26) que para que o pa\u00eds cumpra a meta de universaliza\u00e7\u00e3o do saneamento b\u00e1sico at\u00e9 2030, \u00e9 preciso ir al\u00e9m do que j\u00e1 existe na lei.<\/p>\n<p>\u201c\u00c9 preciso que se tenha decis\u00e3o pol\u00edtica, que se priorize essa decis\u00e3o pol\u00edtica, que se preocupe em fazer com que essas prioriza\u00e7\u00f5es possam ter indicadores de esfor\u00e7o, que sejam materializados em recursos financeiros, recursos humanos e ecol\u00f3gicos, na capacidade de articula\u00e7\u00e3o e em uma vis\u00e3o prospectiva e de inova\u00e7\u00e3o tecnol\u00f3gica\u201d, disse a ministra.<\/p>\n<p>A declara\u00e7\u00e3o foi dada durante uma palestra magna no 33\u00ba Congresso Brasileiro de Engenharia Sanit\u00e1ria Ambiental, em Bras\u00edlia, onde Marina refor\u00e7ou que o pa\u00eds precisa priorizar o tema.<\/p>\n<p>\u201cSaneamento b\u00e1sico \u00e9 falar de sa\u00fade, de desenvolvimento, de gera\u00e7\u00e3o de emprego e renda, \u00e9 falar at\u00e9 em melhora de educa\u00e7\u00e3o para as nossas crian\u00e7as\u201d, diz.<\/p>\n<p>De acordo com o Painel do Saneamento do Instituto Trata Brasil, quase 16% da popula\u00e7\u00e3o brasileira n\u00e3o tem acesso \u00e0 \u00e1gua pot\u00e1vel e 44,5% vive sem coleta de esgoto. Os dados s\u00e3o do Sistema Nacional de Saneamento, de 2021, os mais recentes dispon\u00edveis. Desse total, a grande maioria se encontra no Nordeste.<\/p>\n<p>A ministra diz que o desafio do saneamento no pa\u00eds exige um imenso trabalho de articula\u00e7\u00e3o entre os setores p\u00fablico e privado, a sociedade civil e a comunidade cient\u00edfica, para que as leis sejam tiradas do papel e transformadas em benef\u00edcio econ\u00f4mico, social, ambiental, cultural e, at\u00e9, civilizacional.<\/p>\n<p>\u201cEu quero \u00e9 mesmo ver os indicadores de esfor\u00e7o, e que isso se reflita n\u00e3o s\u00f3 na a\u00e7\u00e3o dos executivos, o governo federal, estadual e municipal, mas tamb\u00e9m no nosso Congresso, que aprova as leis e que conta com emendas impositivas que se traduzem em trilh\u00f5es de reais\u201c, lembrou.<\/p>\n","protected":false},"excerpt":{"rendered":"<p>A ministra do Meio Ambiente e Mudan\u00e7a do Clima, Marina Silva, disse nesta segunda-feira (26) que para que o pa\u00eds cumpra a meta de universaliza\u00e7\u00e3o do saneamento b\u00e1sico at\u00e9 2030, \u00e9 preciso ir al\u00e9m do que j\u00e1 existe na lei. \u201c\u00c9 preciso que se tenha decis\u00e3o pol\u00edtica, que se priorize essa decis\u00e3o pol\u00edtica, que se [&hellip;]<\/p>\n","protected":false},"author":2,"featured_media":354656,"comment_status":"closed","ping_status":"closed","sticky":false,"template":"","format":"standard","meta":{"_acf_changed":false,"footnotes":""},"categories":[165],"tags":[],"class_list":["post-354655","post","type-post","status-publish","format-standard","has-post-thumbnail","hentry","category-nordeste"],"acf":[],"_links":{"self":[{"href":"https:\/\/www.notibras.com\/site\/wp-json\/wp\/v2\/posts\/354655","targetHints":{"allow":["GET"]}}],"collection":[{"href":"https:\/\/www.notibras.com\/site\/wp-json\/wp\/v2\/posts"}],"about":[{"href":"https:\/\/www.notibras.com\/site\/wp-json\/wp\/v2\/types\/post"}],"author":[{"embeddable":true,"href":"https:\/\/www.notibras.com\/site\/wp-json\/wp\/v2\/users\/2"}],"replies":[{"embeddable":true,"href":"https:\/\/www.notibras.com\/site\/wp-json\/wp\/v2\/comments?post=354655"}],"version-history":[{"count":1,"href":"https:\/\/www.notibras.com\/site\/wp-json\/wp\/v2\/posts\/354655\/revisions"}],"predecessor-version":[{"id":354657,"href":"https:\/\/www.notibras.com\/site\/wp-json\/wp\/v2\/posts\/354655\/revisions\/354657"}],"wp:featuredmedia":[{"embeddable":true,"href":"https:\/\/www.notibras.com\/site\/wp-json\/wp\/v2\/media\/354656"}],"wp:attachment":[{"href":"https:\/\/www.notibras.com\/site\/wp-json\/wp\/v2\/media?parent=354655"}],"wp:term":[{"taxonomy":"category","embeddable":true,"href":"https:\/\/www.notibras.com\/site\/wp-json\/wp\/v2\/categories?post=354655"},{"taxonomy":"post_tag","embeddable":true,"href":"https:\/\/www.notibras.com\/site\/wp-json\/wp\/v2\/tags?post=354655"}],"curies":[{"name":"wp","href":"https:\/\/api.w.org\/{rel}","templated":true}]}}