{"id":354658,"date":"2025-05-27T00:00:25","date_gmt":"2025-05-27T03:00:25","guid":{"rendered":"https:\/\/www.notibras.com\/site\/?p=354658"},"modified":"2025-05-27T05:41:50","modified_gmt":"2025-05-27T08:41:50","slug":"comissao-visita-obras-da-transposicao-do-sao-francisco","status":"publish","type":"post","link":"https:\/\/www.notibras.com\/site\/comissao-visita-obras-da-transposicao-do-sao-francisco\/","title":{"rendered":"Comiss\u00e3o visita obras da transposi\u00e7\u00e3o do S\u00e3o Francisco"},"content":{"rendered":"<p>Uma comitiva do Minist\u00e9rio da Integra\u00e7\u00e3o e do Desenvolvimento Regional iniciou uma s\u00e9rie de vistorias e visitas t\u00e9cnicas a obras da Transposi\u00e7\u00e3o do Rio S\u00e3o Francisco, em munic\u00edpios de Pernambuco, do Cear\u00e1, da Para\u00edba e do Rio Grande do Norte. Denominada Caminho das \u00c1guas, a visita deve durar quatro semanas.<\/p>\n<p>No domingo (25), o ministro Waldez G\u00f3es esteve na Esta\u00e7\u00e3o de Bombeamento 1, em Cabrob\u00f3 (PE), ponto onde come\u00e7a a capta\u00e7\u00e3o das \u00e1guas do rio para a transposi\u00e7\u00e3o no eixo norte. A obra foi finalizada em 2015 e deve passar por melhorias.<\/p>\n<p>Atualmente, o local conta com dois conjuntos de motobombas, com capacidade de quase 25 metros c\u00fabicos por segundo, e passar\u00e1 por duplica\u00e7\u00e3o. A ordem de servi\u00e7o para o in\u00edcio das obras dessa e de outras duas esta\u00e7\u00f5es de bombeamento ser\u00e1 assinada na pr\u00f3xima quarta-feira (28) pelo presidente Luiz In\u00e1cio Lula da Silva, que estar\u00e1 no munic\u00edpio de Salgueiro, em Pernambuco<\/p>\n<p>\u201cS\u00e3o muitos projetos e muitas ordens de servi\u00e7o que ser\u00e3o dadas e \u00e9 importante que a gente n\u00e3o s\u00f3 aumente a infraestrutura h\u00eddrica, disponibilizando \u00e1gua \u00e0s pessoas, para o consumo e a produ\u00e7\u00e3o de alimentos, mas que a gente cuide tamb\u00e9m do Velho Chico e isso tudo est\u00e1 na programa\u00e7\u00e3o da comitiva\u201d, destacou o ministro.<\/p>\n<p>A vice-governadora de Pernambuco, Priscila Krause, participou das visitas e destacou a import\u00e2ncia econ\u00f4mica da transposi\u00e7\u00e3o do S\u00e3o Francisco.<\/p>\n<p>\u201cN\u00f3s temos \u00e1reas irrigadas a partir do S\u00e3o Francisco em locais que eram absolutamente improv\u00e1veis. Hoje, somos o estado que mais exporta fruta no pa\u00eds. Somos respons\u00e1veis por quase 25% da fruta exportada e isso \u00e9 resultado de um projeto de irriga\u00e7\u00e3o a partir das \u00e1guas do S\u00e3o Francisco\u201d, afirmou.<\/p>\n<p>Outra parada da comitiva foi para conhecer a Barragem da Serra do Livramento, que tem capacidade m\u00e1xima de quase 19 milh\u00f5es de metros c\u00fabicos. Um dos beneficiados pela obra \u00e9 o agricultor Emilson Pereira, que come\u00e7ou a plantar na regi\u00e3o h\u00e1 cerca de 10 anos. Ele produz mam\u00e3o, maracuj\u00e1, cebola, lim\u00e3o, entre outras frutas e verduras.<\/p>\n<p>\u201cSinto s\u00f3 emo\u00e7\u00e3o quando vejo essa \u00e1gua correndo. Aqui era s\u00f3 mata, seco. Quando vim cercar isso aqui, me chamaram de doido e eu disse: n\u00e3o, \u00e9 que est\u00e3o dizendo que v\u00e3o construir um canal e eu vou confiar neles\u201d, lembrou.<\/p>\n<p>A comitiva viaja nesta segunda-feira para o munic\u00edpio de Mauriti (CE), onde ser\u00e1 inaugurado o sistema de abastecimento de \u00e1gua do munic\u00edpio.<\/p>\n<p><strong>Transposi\u00e7\u00e3o<\/strong><br \/>\nO projeto de transposi\u00e7\u00e3o do Rio S\u00e3o Francisco foi iniciado em 2007. Atualmente \u00e9 composto por 477 quil\u00f4metros de extens\u00e3o, organizados em dois eixos de transfer\u00eancia de \u00e1gua: Norte, com 260 quil\u00f4metros, e Leste, com 217. J\u00e1 recebeu investimentos de R$ 12 bilh\u00f5es quando se incluem seus sistemas complementares de distribui\u00e7\u00e3o dos recursos h\u00eddricos.<\/p>\n","protected":false},"excerpt":{"rendered":"<p>Uma comitiva do Minist\u00e9rio da Integra\u00e7\u00e3o e do Desenvolvimento Regional iniciou uma s\u00e9rie de vistorias e visitas t\u00e9cnicas a obras da Transposi\u00e7\u00e3o do Rio S\u00e3o Francisco, em munic\u00edpios de Pernambuco, do Cear\u00e1, da Para\u00edba e do Rio Grande do Norte. Denominada Caminho das \u00c1guas, a visita deve durar quatro semanas. No domingo (25), o ministro [&hellip;]<\/p>\n","protected":false},"author":2,"featured_media":354659,"comment_status":"closed","ping_status":"closed","sticky":false,"template":"","format":"standard","meta":{"_acf_changed":false,"footnotes":""},"categories":[165],"tags":[],"class_list":["post-354658","post","type-post","status-publish","format-standard","has-post-thumbnail","hentry","category-nordeste"],"acf":[],"_links":{"self":[{"href":"https:\/\/www.notibras.com\/site\/wp-json\/wp\/v2\/posts\/354658","targetHints":{"allow":["GET"]}}],"collection":[{"href":"https:\/\/www.notibras.com\/site\/wp-json\/wp\/v2\/posts"}],"about":[{"href":"https:\/\/www.notibras.com\/site\/wp-json\/wp\/v2\/types\/post"}],"author":[{"embeddable":true,"href":"https:\/\/www.notibras.com\/site\/wp-json\/wp\/v2\/users\/2"}],"replies":[{"embeddable":true,"href":"https:\/\/www.notibras.com\/site\/wp-json\/wp\/v2\/comments?post=354658"}],"version-history":[{"count":1,"href":"https:\/\/www.notibras.com\/site\/wp-json\/wp\/v2\/posts\/354658\/revisions"}],"predecessor-version":[{"id":354660,"href":"https:\/\/www.notibras.com\/site\/wp-json\/wp\/v2\/posts\/354658\/revisions\/354660"}],"wp:featuredmedia":[{"embeddable":true,"href":"https:\/\/www.notibras.com\/site\/wp-json\/wp\/v2\/media\/354659"}],"wp:attachment":[{"href":"https:\/\/www.notibras.com\/site\/wp-json\/wp\/v2\/media?parent=354658"}],"wp:term":[{"taxonomy":"category","embeddable":true,"href":"https:\/\/www.notibras.com\/site\/wp-json\/wp\/v2\/categories?post=354658"},{"taxonomy":"post_tag","embeddable":true,"href":"https:\/\/www.notibras.com\/site\/wp-json\/wp\/v2\/tags?post=354658"}],"curies":[{"name":"wp","href":"https:\/\/api.w.org\/{rel}","templated":true}]}}