{"id":354664,"date":"2025-05-27T00:00:41","date_gmt":"2025-05-27T03:00:41","guid":{"rendered":"https:\/\/www.notibras.com\/site\/?p=354664"},"modified":"2025-05-27T05:57:20","modified_gmt":"2025-05-27T08:57:20","slug":"justica-trabalhista-faz-esforco-concentrado-para-promover-conciliacoes","status":"publish","type":"post","link":"https:\/\/www.notibras.com\/site\/justica-trabalhista-faz-esforco-concentrado-para-promover-conciliacoes\/","title":{"rendered":"Justi\u00e7a trabalhista faz esfor\u00e7o concentrado para promover concilia\u00e7\u00f5es"},"content":{"rendered":"<p>Come\u00e7ou nesta segunda-feira (26) a Semana Nacional de Concilia\u00e7\u00e3o Trabalhista, promovida todos os anos em um esfor\u00e7o concentrado para desafogar a Justi\u00e7a trabalhista de demandas que possam ser resolvidas por meio de um acordo entre as partes. A iniciativa vai at\u00e9 o dia 30 de maio.<\/p>\n<p>O tema deste ano \u00e9 \u201cMenos conflitos, mais futuro \u2013 Conciliar preserva tempo, recursos e rela\u00e7\u00f5es\u201d. A concilia\u00e7\u00e3o \u00e9 uma maneira mais r\u00e1pida de encerrar disputas trabalhistas, que podem se arrastar por anos na Justi\u00e7a do Trabalho, que recebe todos os anos cerca de 3 milh\u00f5es de novos processos.<\/p>\n<p>O Conselho Superior da Justi\u00e7a do Trabalho disponibilizou um portal com informa\u00e7\u00f5es para quem queira buscar uma concilia\u00e7\u00e3o.<\/p>\n<p>No ano passado, a iniciativa resultou no fechamento de acordos trabalhistas que somaram R$ 1,7 bilh\u00e3o.<\/p>\n","protected":false},"excerpt":{"rendered":"<p>Come\u00e7ou nesta segunda-feira (26) a Semana Nacional de Concilia\u00e7\u00e3o Trabalhista, promovida todos os anos em um esfor\u00e7o concentrado para desafogar a Justi\u00e7a trabalhista de demandas que possam ser resolvidas por meio de um acordo entre as partes. A iniciativa vai at\u00e9 o dia 30 de maio. O tema deste ano \u00e9 \u201cMenos conflitos, mais futuro [&hellip;]<\/p>\n","protected":false},"author":2,"featured_media":347944,"comment_status":"closed","ping_status":"closed","sticky":false,"template":"","format":"standard","meta":{"_acf_changed":false,"footnotes":""},"categories":[165],"tags":[],"class_list":["post-354664","post","type-post","status-publish","format-standard","has-post-thumbnail","hentry","category-nordeste"],"acf":[],"_links":{"self":[{"href":"https:\/\/www.notibras.com\/site\/wp-json\/wp\/v2\/posts\/354664","targetHints":{"allow":["GET"]}}],"collection":[{"href":"https:\/\/www.notibras.com\/site\/wp-json\/wp\/v2\/posts"}],"about":[{"href":"https:\/\/www.notibras.com\/site\/wp-json\/wp\/v2\/types\/post"}],"author":[{"embeddable":true,"href":"https:\/\/www.notibras.com\/site\/wp-json\/wp\/v2\/users\/2"}],"replies":[{"embeddable":true,"href":"https:\/\/www.notibras.com\/site\/wp-json\/wp\/v2\/comments?post=354664"}],"version-history":[{"count":1,"href":"https:\/\/www.notibras.com\/site\/wp-json\/wp\/v2\/posts\/354664\/revisions"}],"predecessor-version":[{"id":354665,"href":"https:\/\/www.notibras.com\/site\/wp-json\/wp\/v2\/posts\/354664\/revisions\/354665"}],"wp:featuredmedia":[{"embeddable":true,"href":"https:\/\/www.notibras.com\/site\/wp-json\/wp\/v2\/media\/347944"}],"wp:attachment":[{"href":"https:\/\/www.notibras.com\/site\/wp-json\/wp\/v2\/media?parent=354664"}],"wp:term":[{"taxonomy":"category","embeddable":true,"href":"https:\/\/www.notibras.com\/site\/wp-json\/wp\/v2\/categories?post=354664"},{"taxonomy":"post_tag","embeddable":true,"href":"https:\/\/www.notibras.com\/site\/wp-json\/wp\/v2\/tags?post=354664"}],"curies":[{"name":"wp","href":"https:\/\/api.w.org\/{rel}","templated":true}]}}