{"id":354666,"date":"2025-05-27T06:32:43","date_gmt":"2025-05-27T09:32:43","guid":{"rendered":"https:\/\/www.notibras.com\/site\/?p=354666"},"modified":"2025-05-27T06:35:41","modified_gmt":"2025-05-27T09:35:41","slug":"a-maldicao-que-vem-junto-com-a-lua-cheia-no-sertao","status":"publish","type":"post","link":"https:\/\/www.notibras.com\/site\/a-maldicao-que-vem-junto-com-a-lua-cheia-no-sertao\/","title":{"rendered":"A maldi\u00e7\u00e3o que vem junto com a Lua Cheia no Sert\u00e3o"},"content":{"rendered":"<p>Dizem que no sert\u00e3o do Nordeste, l\u00e1 pros lados de Juazeiro do Norte, quando a lua cheia se levanta redonda feito um prato de alum\u00ednio, o povo fecha as portas cedo e os cachorros se recolhem com o rabo entre as pernas. \u00c9 que, por aquelas bandas, corre uma hist\u00f3ria antiga, passada de boca em boca, como reza ou maldi\u00e7\u00e3o.<\/p>\n<p>Era um tempo de seca braba, ch\u00e3o rachado, c\u00e9u de brasas e esperan\u00e7a pouca. Naquelas noites quentes e silenciosas, s\u00f3 se ouvia o canto triste do carcar\u00e1 e o estalo seco das madeiras envelhecidas das casas de taipa. Mas havia algo mais. Um uivo. Um lamento vindo do mato.<\/p>\n<p>Contam os mais velhos que existiu um homem chamado Benedito, cabra bom, trabalhador, filho de parteira e neto de curandeira. Era conhecido por ajudar a todos, mas trazia nos olhos uma tristeza funda, daquelas que s\u00f3 se explicam por mal de alma. Toda noite de lua cheia, ele sumia. Dizia que ia ca\u00e7ar. Mas ningu\u00e9m via ele voltar com peixe nem com tatu.<\/p>\n<p>Certa feita, um curioso de fora resolveu seguir Benedito. O povo avisou: \u201cN\u00e3o v\u00e1 mexer com o que n\u00e3o entende, mo\u00e7o. Lobisomem n\u00e3o \u00e9 bicho de se ca\u00e7ar, \u00e9 maldi\u00e7\u00e3o que se respeita.\u201d Mas o forasteiro, vaidoso, n\u00e3o deu ouvidos.<\/p>\n<p>Na calada da noite, de fac\u00e3o na cinta e coragem na m\u00e3o, entrou no mato atr\u00e1s do cabra. S\u00f3 voltou no outro dia, suando frio, com os olhos arregalados e os cabelos todos brancos, como quem viu o pr\u00f3prio capeta. Nunca mais falou, nem riu, nem chorou. Virou uma sombra de gente.<\/p>\n<p>Dizem que viu Benedito se transformar. Que seus ossos estalaram como galhos secos e a pele se rasgou pra dar lugar ao pelo negro e denso. As m\u00e3os viraram garras, os olhos, brasas vivas. Um lobo homem, uma besta entre dois mundos, castigado por uma sina antiga: ter nascido o s\u00e9timo filho homem de uma linhagem marcada pelo pecado.<\/p>\n<p>A partir daquele dia, ningu\u00e9m mais viu Benedito em forma de homem. Mas, toda lua cheia, o povo ainda ouve os uivos cruzando a caatinga, fazendo as lamparinas tremerem e os galos se calarem. E os mais antigos, de olhos desconfiados e f\u00e9 entrela\u00e7ada com medo, murmuram:<\/p>\n<p>\u2014 L\u00e1 vai ele&#8230; o lobisomem do sert\u00e3o. Que Deus tenha piedade.<\/p>\n","protected":false},"excerpt":{"rendered":"<p>Dizem que no sert\u00e3o do Nordeste, l\u00e1 pros lados de Juazeiro do Norte, quando a lua cheia se levanta redonda feito um prato de alum\u00ednio, o povo fecha as portas cedo e os cachorros se recolhem com o rabo entre as pernas. \u00c9 que, por aquelas bandas, corre uma hist\u00f3ria antiga, passada de boca em [&hellip;]<\/p>\n","protected":false},"author":2,"featured_media":354667,"comment_status":"closed","ping_status":"closed","sticky":false,"template":"","format":"standard","meta":{"_acf_changed":false,"footnotes":""},"categories":[165],"tags":[],"class_list":["post-354666","post","type-post","status-publish","format-standard","has-post-thumbnail","hentry","category-nordeste"],"acf":[],"_links":{"self":[{"href":"https:\/\/www.notibras.com\/site\/wp-json\/wp\/v2\/posts\/354666","targetHints":{"allow":["GET"]}}],"collection":[{"href":"https:\/\/www.notibras.com\/site\/wp-json\/wp\/v2\/posts"}],"about":[{"href":"https:\/\/www.notibras.com\/site\/wp-json\/wp\/v2\/types\/post"}],"author":[{"embeddable":true,"href":"https:\/\/www.notibras.com\/site\/wp-json\/wp\/v2\/users\/2"}],"replies":[{"embeddable":true,"href":"https:\/\/www.notibras.com\/site\/wp-json\/wp\/v2\/comments?post=354666"}],"version-history":[{"count":4,"href":"https:\/\/www.notibras.com\/site\/wp-json\/wp\/v2\/posts\/354666\/revisions"}],"predecessor-version":[{"id":354671,"href":"https:\/\/www.notibras.com\/site\/wp-json\/wp\/v2\/posts\/354666\/revisions\/354671"}],"wp:featuredmedia":[{"embeddable":true,"href":"https:\/\/www.notibras.com\/site\/wp-json\/wp\/v2\/media\/354667"}],"wp:attachment":[{"href":"https:\/\/www.notibras.com\/site\/wp-json\/wp\/v2\/media?parent=354666"}],"wp:term":[{"taxonomy":"category","embeddable":true,"href":"https:\/\/www.notibras.com\/site\/wp-json\/wp\/v2\/categories?post=354666"},{"taxonomy":"post_tag","embeddable":true,"href":"https:\/\/www.notibras.com\/site\/wp-json\/wp\/v2\/tags?post=354666"}],"curies":[{"name":"wp","href":"https:\/\/api.w.org\/{rel}","templated":true}]}}