{"id":354728,"date":"2025-05-28T10:00:31","date_gmt":"2025-05-28T13:00:31","guid":{"rendered":"https:\/\/www.notibras.com\/site\/?p=354728"},"modified":"2025-05-28T10:28:26","modified_gmt":"2025-05-28T13:28:26","slug":"chuvas-no-nordeste-sao-esperanca-e-desafios-para-a-regiao","status":"publish","type":"post","link":"https:\/\/www.notibras.com\/site\/chuvas-no-nordeste-sao-esperanca-e-desafios-para-a-regiao\/","title":{"rendered":"Chuvas no Nordeste s\u00e3o esperan\u00e7a e desafios para a regi\u00e3o"},"content":{"rendered":"<p>Ap\u00f3s anos de seca severa, as chuvas voltaram a cair com mais intensidade no Nordeste brasileiro. O fen\u00f4meno trouxe al\u00edvio para milhares de agricultores e moradores da regi\u00e3o, especialmente no semi\u00e1rido, onde a escassez de \u00e1gua \u00e9 uma constante. No entanto, junto com a esperan\u00e7a, surgem novos desafios para os governos e popula\u00e7\u00f5es locais.<\/p>\n<p>Em estados como Pernambuco, Cear\u00e1, Para\u00edba e Rio Grande do Norte, os \u00edndices pluviom\u00e9tricos de 2025 superaram as m\u00e9dias hist\u00f3ricas para o primeiro semestre do ano. Cidades antes castigadas pela estiagem, como Quixad\u00e1 (CE) e Patos (PB), celebram o retorno das \u00e1guas aos reservat\u00f3rios e a\u00e7udes, possibilitando o replantio e a recupera\u00e7\u00e3o de lavouras.<\/p>\n<p>&#8220;A chuva trouxe vida de volta ao nosso campo&#8221;, comemora Maria das Dores, agricultora de Serra Talhada (PE). &#8220;Depois de tr\u00eas anos perdidos, voltamos a plantar milho e feij\u00e3o com esperan\u00e7a de uma boa colheita.&#8221;<\/p>\n<p>A agropecu\u00e1ria, uma das bases da economia regional, come\u00e7a a mostrar sinais de recupera\u00e7\u00e3o. O aumento da produ\u00e7\u00e3o agr\u00edcola gera empregos e movimenta feiras e mercados locais. Al\u00e9m disso, o volume de \u00e1gua nos reservat\u00f3rios promete fortalecer o abastecimento urbano e reduzir a depend\u00eancia de carros-pipa em v\u00e1rias localidades.<\/p>\n<p>Apesar dos benef\u00edcios, as chuvas tamb\u00e9m trouxeram transtornos. Em \u00e1reas urbanas, como Recife e Salvador, a infraestrutura prec\u00e1ria levou a alagamentos, deslizamentos de terra e desalojamento de fam\u00edlias. Em Alagoas, o rio Munda\u00fa transbordou e causou preju\u00edzos a diversas comunidades ribeirinhas.<\/p>\n<p>Al\u00e9m disso, especialistas alertam para a necessidade de melhor gerenciamento dos recursos h\u00eddricos. &#8220;As chuvas s\u00e3o bem-vindas, mas se n\u00e3o houver planejamento, o desperd\u00edcio e os impactos negativos se repetir\u00e3o&#8221;, afirma o ge\u00f3grafo e pesquisador Marcos Almeida, da Universidade Federal do Cear\u00e1 (UFC).<\/p>\n<p>Governos estaduais j\u00e1 anunciam investimentos em barragens, sistemas de drenagem urbana e capacita\u00e7\u00e3o t\u00e9cnica para os agricultores. Programas de conviv\u00eancia com o semi\u00e1rido tamb\u00e9m est\u00e3o sendo retomados para garantir que os benef\u00edcios das chuvas se estendam a longo prazo.<\/p>\n<p>Essas chuvas reacendem a esperan\u00e7a de dias melhores para milh\u00f5es de brasileiros. Por\u00e9m, elas tamb\u00e9m refor\u00e7am a necessidade de pol\u00edticas p\u00fablicas eficazes, planejamento urbano e a\u00e7\u00f5es sustent\u00e1veis para que a \u00e1gua, t\u00e3o esperada, seja fonte de vida \u2014 e n\u00e3o de trag\u00e9dia.<\/p>\n","protected":false},"excerpt":{"rendered":"<p>Ap\u00f3s anos de seca severa, as chuvas voltaram a cair com mais intensidade no Nordeste brasileiro. O fen\u00f4meno trouxe al\u00edvio para milhares de agricultores e moradores da regi\u00e3o, especialmente no semi\u00e1rido, onde a escassez de \u00e1gua \u00e9 uma constante. No entanto, junto com a esperan\u00e7a, surgem novos desafios para os governos e popula\u00e7\u00f5es locais. Em [&hellip;]<\/p>\n","protected":false},"author":2,"featured_media":354729,"comment_status":"closed","ping_status":"closed","sticky":false,"template":"","format":"standard","meta":{"_acf_changed":false,"footnotes":""},"categories":[165],"tags":[],"class_list":["post-354728","post","type-post","status-publish","format-standard","has-post-thumbnail","hentry","category-nordeste"],"acf":[],"_links":{"self":[{"href":"https:\/\/www.notibras.com\/site\/wp-json\/wp\/v2\/posts\/354728","targetHints":{"allow":["GET"]}}],"collection":[{"href":"https:\/\/www.notibras.com\/site\/wp-json\/wp\/v2\/posts"}],"about":[{"href":"https:\/\/www.notibras.com\/site\/wp-json\/wp\/v2\/types\/post"}],"author":[{"embeddable":true,"href":"https:\/\/www.notibras.com\/site\/wp-json\/wp\/v2\/users\/2"}],"replies":[{"embeddable":true,"href":"https:\/\/www.notibras.com\/site\/wp-json\/wp\/v2\/comments?post=354728"}],"version-history":[{"count":1,"href":"https:\/\/www.notibras.com\/site\/wp-json\/wp\/v2\/posts\/354728\/revisions"}],"predecessor-version":[{"id":354730,"href":"https:\/\/www.notibras.com\/site\/wp-json\/wp\/v2\/posts\/354728\/revisions\/354730"}],"wp:featuredmedia":[{"embeddable":true,"href":"https:\/\/www.notibras.com\/site\/wp-json\/wp\/v2\/media\/354729"}],"wp:attachment":[{"href":"https:\/\/www.notibras.com\/site\/wp-json\/wp\/v2\/media?parent=354728"}],"wp:term":[{"taxonomy":"category","embeddable":true,"href":"https:\/\/www.notibras.com\/site\/wp-json\/wp\/v2\/categories?post=354728"},{"taxonomy":"post_tag","embeddable":true,"href":"https:\/\/www.notibras.com\/site\/wp-json\/wp\/v2\/tags?post=354728"}],"curies":[{"name":"wp","href":"https:\/\/api.w.org\/{rel}","templated":true}]}}