{"id":354731,"date":"2025-05-28T06:36:19","date_gmt":"2025-05-28T09:36:19","guid":{"rendered":"https:\/\/www.notibras.com\/site\/?p=354731"},"modified":"2025-05-28T10:38:19","modified_gmt":"2025-05-28T13:38:19","slug":"nascidos-em-maio-e-junho-recebem-agora-parcela-de-r-200","status":"publish","type":"post","link":"https:\/\/www.notibras.com\/site\/nascidos-em-maio-e-junho-recebem-agora-parcela-de-r-200\/","title":{"rendered":"Nascidos em maio e junho recebem agora parcela de R$ 200"},"content":{"rendered":"<p>Os participantes do programa P\u00e9-de-Meia de 2025 nascidos nos meses de maio e junho recebem nesta quarta-feira (28) o pagamento da segunda parcela do incentivo-frequ\u00eancia. Se somando ao incentivo-matr\u00edcula, esta \u00e9 a terceira parcela do ano.<\/p>\n<p>Para ter direito ao benef\u00edcio de R$ 200, os estudantes da rede p\u00fablica que est\u00e3o matriculados no ensino m\u00e9dio regular ou na Educa\u00e7\u00e3o de Jovens e Adultos (EJA) devem ter presen\u00e7a m\u00ednima de 80% das aulas.<\/p>\n<p>Os pagamentos do segundo incentivo-frequ\u00eancia do ano ocorrer\u00e3o at\u00e9 2 de junho, conforme o m\u00eas de nascimento dos estudantes que estiverem matriculados em uma das tr\u00eas s\u00e9ries do ensino m\u00e9dio da rede p\u00fablica de ensino. Segue o cronograma de pagamentos.<\/p>\n<p>De acordo com a Caixa Econ\u00f4mica Federal, cerca de 3,4 milh\u00f5es de estudantes receber\u00e3o o incentivo do programa federal, no valor de R$ 200. O banco \u00e9 o respons\u00e1vel pela gest\u00e3o dos recursos repassados pelo Minist\u00e9rio da Educa\u00e7\u00e3o (MEC).<\/p>\n<p><strong>Dep\u00f3sitos<\/strong><br \/>\nA segunda parcela do incentivo-frequ\u00eancia do P\u00e9-de-Meia est\u00e1 sendo depositada em uma conta poupan\u00e7a da Caixa, aberta automaticamente pelo banco p\u00fablico em nome dos estudantes.<\/p>\n<p>Os valores poder\u00e3o ser movimentados pelo aplicativo Caixa Tem ou sacados, se\u202fo aluno tiver\u202f18 anos ou mais.<\/p>\n<p>No caso de estudante menor de idade,\u202fser\u00e1\u202fnecess\u00e1rio que o respons\u00e1vel legal autorize\u202fo aluno a\u202fmovimentar\u202fa\u202fconta. Esse consentimento poder\u00e1 ser\u202ffeito no pr\u00f3prio aplicativo ou em uma ag\u00eancia banc\u00e1ria da Caixa Econ\u00f4mica Federal.<\/p>\n<p><strong>Informa\u00e7\u00f5es<\/strong><br \/>\nO estudante poder\u00e1 consultar no aplicativo Jornada do Estudante, do MEC, o status de pagamentos (rejeitados ou aprovados) e as pr\u00f3prias informa\u00e7\u00f5es escolares, regras da chamada \u201cpoupan\u00e7a do ensino m\u00e9dio\u201d.<\/p>\n<p>As informa\u00e7\u00f5es relativas ao pagamento do benef\u00edcio tamb\u00e9m podem ser consultadas no aplicativo Caixa Tem ou no aplicativo Benef\u00edcios Sociais.<\/p>\n<p><strong>Notifica\u00e7\u00f5es aos inativos<\/strong><br \/>\nNa \u00faltima semana, o Minist\u00e9rio da Educa\u00e7\u00e3o (MEC) enviou mensagens pelo aplicativo Whatsapp e pela caixa postal do app Gov.BR para mais de 655 mil participantes do P\u00e9-de-Meia que ainda n\u00e3o acessaram suas contas banc\u00e1rias onde j\u00e1 foram depositadas as outras parcelas do programa.<\/p>\n<p>A mensagem enviada n\u00e3o \u00e9 falsa. O objetivo \u00e9 orientar o benefici\u00e1rio com o passo a passo para os menores de 18 anos conseguirem a autoriza\u00e7\u00e3o de movimenta\u00e7\u00e3o da pr\u00f3pria conta do P\u00e9-de-Meia.<\/p>\n<p>De acordo com o MEC, em seguida, o estudante receber\u00e1 pelos mesmos canais (Whatsapp e o aplicativo Gov.Br) uma mensagem perguntando se ele deseja ou n\u00e3o continuar recebendo mensagens relacionadas ao P\u00e9-de-Meia.<\/p>\n<p><strong>P\u00e9-de-Meia<\/strong><br \/>\nAl\u00e9m do incentivo-matr\u00edcula, de R$ 200 recebido no in\u00edcio de abril, os participantes do programa do ensino regular\u202freceber\u00e3o nove\u202fparcelas de R$ 200 cada, no decorrer do ano, relativas \u00e0 frequ\u00eancia \u00e0s aulas.<\/p>\n<p>O programa prev\u00ea uma parcela b\u00f4nus de R$ 200 para os estudantes do \u00faltimo ano do ensino m\u00e9dio que realizarem os dois dias de provas do Exame Nacional do Ensino M\u00e9dio (Enem) 2025, paga ap\u00f3s a conclus\u00e3o da etapa.<\/p>\n<p>O incentivo de conclus\u00e3o do programa P\u00e9-de-Meia \u00e9 um dep\u00f3sito de R$ 1 mil por ano letivo conclu\u00eddo com aprova\u00e7\u00e3o. Esse valor, que totaliza R$ 3 mil ao longo dos tr\u00eas anos do ensino m\u00e9dio, \u00e9 direcionado a uma poupan\u00e7a do estudante e s\u00f3 pode ser sacado ap\u00f3s a formatura.<\/p>\n<p>Caso o estudante comprove a participa\u00e7\u00e3o no Enem no ano de conclus\u00e3o do 3\u00ba ano, ser\u00e1 concedido o valor adicional de R$ 200 em parcela \u00fanica.<\/p>\n<p>Desta forma, a soma do\u202fincentivo financeiro-educacional pode alcan\u00e7ar R$ 9,2 mil por aluno,\u202fno fim do ensino m\u00e9dio.<\/p>\n","protected":false},"excerpt":{"rendered":"<p>Os participantes do programa P\u00e9-de-Meia de 2025 nascidos nos meses de maio e junho recebem nesta quarta-feira (28) o pagamento da segunda parcela do incentivo-frequ\u00eancia. Se somando ao incentivo-matr\u00edcula, esta \u00e9 a terceira parcela do ano. Para ter direito ao benef\u00edcio de R$ 200, os estudantes da rede p\u00fablica que est\u00e3o matriculados no ensino m\u00e9dio [&hellip;]<\/p>\n","protected":false},"author":2,"featured_media":354732,"comment_status":"closed","ping_status":"closed","sticky":false,"template":"","format":"standard","meta":{"_acf_changed":false,"footnotes":""},"categories":[165],"tags":[],"class_list":["post-354731","post","type-post","status-publish","format-standard","has-post-thumbnail","hentry","category-nordeste"],"acf":[],"_links":{"self":[{"href":"https:\/\/www.notibras.com\/site\/wp-json\/wp\/v2\/posts\/354731","targetHints":{"allow":["GET"]}}],"collection":[{"href":"https:\/\/www.notibras.com\/site\/wp-json\/wp\/v2\/posts"}],"about":[{"href":"https:\/\/www.notibras.com\/site\/wp-json\/wp\/v2\/types\/post"}],"author":[{"embeddable":true,"href":"https:\/\/www.notibras.com\/site\/wp-json\/wp\/v2\/users\/2"}],"replies":[{"embeddable":true,"href":"https:\/\/www.notibras.com\/site\/wp-json\/wp\/v2\/comments?post=354731"}],"version-history":[{"count":1,"href":"https:\/\/www.notibras.com\/site\/wp-json\/wp\/v2\/posts\/354731\/revisions"}],"predecessor-version":[{"id":354733,"href":"https:\/\/www.notibras.com\/site\/wp-json\/wp\/v2\/posts\/354731\/revisions\/354733"}],"wp:featuredmedia":[{"embeddable":true,"href":"https:\/\/www.notibras.com\/site\/wp-json\/wp\/v2\/media\/354732"}],"wp:attachment":[{"href":"https:\/\/www.notibras.com\/site\/wp-json\/wp\/v2\/media?parent=354731"}],"wp:term":[{"taxonomy":"category","embeddable":true,"href":"https:\/\/www.notibras.com\/site\/wp-json\/wp\/v2\/categories?post=354731"},{"taxonomy":"post_tag","embeddable":true,"href":"https:\/\/www.notibras.com\/site\/wp-json\/wp\/v2\/tags?post=354731"}],"curies":[{"name":"wp","href":"https:\/\/api.w.org\/{rel}","templated":true}]}}