{"id":354744,"date":"2025-05-28T00:37:02","date_gmt":"2025-05-28T03:37:02","guid":{"rendered":"https:\/\/www.notibras.com\/site\/?p=354744"},"modified":"2025-05-28T11:39:20","modified_gmt":"2025-05-28T14:39:20","slug":"pacientes-comecam-a-receber-tratamento-integral-para-dermatite-atopica","status":"publish","type":"post","link":"https:\/\/www.notibras.com\/site\/pacientes-comecam-a-receber-tratamento-integral-para-dermatite-atopica\/","title":{"rendered":"Pacientes come\u00e7am a receber tratamento integral para dermatite at\u00f3pica"},"content":{"rendered":"<p>Tr\u00eas portarias publicadas no Di\u00e1rio Oficial da Uni\u00e3o ampliam o tratamento para dermatite at\u00f3pica pelo Sistema \u00danico de Sa\u00fade (SUS). Os documentos oficializam a incorpora\u00e7\u00e3o, na rede p\u00fablica, de duas pomadas para a pele \u2013 tacrolimo e furoato de mometasona \u2013 al\u00e9m de um medicamento oral para o tratamento da doen\u00e7a \u2013 o metotrexato.<\/p>\n<p>Em nota, o Minist\u00e9rio da Sa\u00fade destacou que o tacrolimo t\u00f3pico e o furoato de mometasona poder\u00e3o ser usados para tratar pessoas que n\u00e3o podem usar corticoides ou que tenham resist\u00eancia aos tratamentos at\u00e9 ent\u00e3o dispon\u00edveis.<\/p>\n<p>\u201cA amplia\u00e7\u00e3o de acesso ao tacrolimo t\u00f3pico para os pacientes do SUS \u00e9 um benef\u00edcio relevante j\u00e1 que, por ser um medicamento de alto custo, seu acesso era mais restrito.\u201d<\/p>\n<p>Segundo a pasta, o metotrexato ser\u00e1 indicado nos casos de dermatite at\u00f3pica grave, sobretudo entre pacientes que n\u00e3o podem usar a ciclosporina, medicamento j\u00e1 disponibilizado na rede p\u00fablica.<\/p>\n<p><strong>Entenda<\/strong><br \/>\nDoen\u00e7a n\u00e3o contagiosa, a dermatite at\u00f3pica \u00e9 uma condi\u00e7\u00e3o gen\u00e9tica e cr\u00f4nica caracterizada principalmente por coceira intensa e pele ressecada, que afeta especialmente as \u00e1reas de dobras do corpo, como a parte frontal dos cotovelos, atr\u00e1s dos joelhos e o pesco\u00e7o.<\/p>\n<p>\u201c\u00c9 uma das formas mais comuns de eczema, prevalente na inf\u00e2ncia, embora tamb\u00e9m possa surgir na adolesc\u00eancia ou na fase adulta\u201d, detalhou o minist\u00e9rio<\/p>\n<p>Em crian\u00e7as pequenas, a face tamb\u00e9m \u00e9 uma \u00e1rea frequentemente afetada pela dermatite at\u00f3pica. \u201cA doen\u00e7a pode variar muito de paciente para paciente, com diferentes intensidades e respostas aos tratamentos\u201d, completou a pasta.<\/p>\n","protected":false},"excerpt":{"rendered":"<p>Tr\u00eas portarias publicadas no Di\u00e1rio Oficial da Uni\u00e3o ampliam o tratamento para dermatite at\u00f3pica pelo Sistema \u00danico de Sa\u00fade (SUS). Os documentos oficializam a incorpora\u00e7\u00e3o, na rede p\u00fablica, de duas pomadas para a pele \u2013 tacrolimo e furoato de mometasona \u2013 al\u00e9m de um medicamento oral para o tratamento da doen\u00e7a \u2013 o metotrexato. Em [&hellip;]<\/p>\n","protected":false},"author":2,"featured_media":354746,"comment_status":"closed","ping_status":"closed","sticky":false,"template":"","format":"standard","meta":{"_acf_changed":false,"footnotes":""},"categories":[161],"tags":[],"class_list":["post-354744","post","type-post","status-publish","format-standard","has-post-thumbnail","hentry","category-quadradinho-em-foco"],"acf":[],"_links":{"self":[{"href":"https:\/\/www.notibras.com\/site\/wp-json\/wp\/v2\/posts\/354744","targetHints":{"allow":["GET"]}}],"collection":[{"href":"https:\/\/www.notibras.com\/site\/wp-json\/wp\/v2\/posts"}],"about":[{"href":"https:\/\/www.notibras.com\/site\/wp-json\/wp\/v2\/types\/post"}],"author":[{"embeddable":true,"href":"https:\/\/www.notibras.com\/site\/wp-json\/wp\/v2\/users\/2"}],"replies":[{"embeddable":true,"href":"https:\/\/www.notibras.com\/site\/wp-json\/wp\/v2\/comments?post=354744"}],"version-history":[{"count":1,"href":"https:\/\/www.notibras.com\/site\/wp-json\/wp\/v2\/posts\/354744\/revisions"}],"predecessor-version":[{"id":354747,"href":"https:\/\/www.notibras.com\/site\/wp-json\/wp\/v2\/posts\/354744\/revisions\/354747"}],"wp:featuredmedia":[{"embeddable":true,"href":"https:\/\/www.notibras.com\/site\/wp-json\/wp\/v2\/media\/354746"}],"wp:attachment":[{"href":"https:\/\/www.notibras.com\/site\/wp-json\/wp\/v2\/media?parent=354744"}],"wp:term":[{"taxonomy":"category","embeddable":true,"href":"https:\/\/www.notibras.com\/site\/wp-json\/wp\/v2\/categories?post=354744"},{"taxonomy":"post_tag","embeddable":true,"href":"https:\/\/www.notibras.com\/site\/wp-json\/wp\/v2\/tags?post=354744"}],"curies":[{"name":"wp","href":"https:\/\/api.w.org\/{rel}","templated":true}]}}