{"id":354754,"date":"2025-05-28T00:56:15","date_gmt":"2025-05-28T03:56:15","guid":{"rendered":"https:\/\/www.notibras.com\/site\/?p=354754"},"modified":"2025-05-28T11:58:05","modified_gmt":"2025-05-28T14:58:05","slug":"limpeza-urbana-chega-a-ceilandia-itapoa-e-santa-maria","status":"publish","type":"post","link":"https:\/\/www.notibras.com\/site\/limpeza-urbana-chega-a-ceilandia-itapoa-e-santa-maria\/","title":{"rendered":"Limpeza urbana chega a Ceil\u00e2ndia, Itapo\u00e3 e Santa Maria"},"content":{"rendered":"<p>A 12\u00aa edi\u00e7\u00e3o do Mutir\u00e3o SLU com as RAs ocorre, nesta quinta-feira (29), sexta-feira (30) e s\u00e1bado (31) em Ceil\u00e2ndia, Itapo\u00e3 e Santa Maria. A iniciativa do Servi\u00e7o de Limpeza Urbana (SLU) em parceria com as administra\u00e7\u00f5es regionais faz parte de um esfor\u00e7o cont\u00ednuo para garantir a limpeza urbana, combater o descarte irregular e eliminar focos do mosquito da dengue.<\/p>\n<p>Ceil\u00e2ndia, Itapo\u00e3 e Santa Maria recebem mutir\u00e3o de limpeza nesta semana | Foto: Divulga\u00e7\u00e3o\/SLU<br \/>\nEnquanto as equipes de limpeza atuam, mobilizadores ambientais orientam os moradores sobre o descarte correto de res\u00edduos, os dias e hor\u00e1rios da coleta na regi\u00e3o e a import\u00e2ncia do uso dos papa-lixos e papa-entulhos.<\/p>\n<p>A a\u00e7\u00e3o j\u00e1 percorreu Samambaia, Santa Maria, Gama, Ceil\u00e2ndia, S\u00e3o Sebasti\u00e3o, Sol Nascente\/P\u00f4r do Sol, Recanto das Emas, Arapoanga, Taguatinga, Planaltina, Riacho Fundo II, Sobradinho II, Estrutural, Arniqueira, Vicente Pires, Sobradinho, Ceil\u00e2ndia, Guar\u00e1, Parano\u00e1, Varj\u00e3o, N\u00facleo Bandeirante, Itapo\u00e3, Park Way e Fercal, Cruzeiro e Jardim Bot\u00e2nico.<\/p>\n<p>&nbsp;<\/p>\n","protected":false},"excerpt":{"rendered":"<p>A 12\u00aa edi\u00e7\u00e3o do Mutir\u00e3o SLU com as RAs ocorre, nesta quinta-feira (29), sexta-feira (30) e s\u00e1bado (31) em Ceil\u00e2ndia, Itapo\u00e3 e Santa Maria. A iniciativa do Servi\u00e7o de Limpeza Urbana (SLU) em parceria com as administra\u00e7\u00f5es regionais faz parte de um esfor\u00e7o cont\u00ednuo para garantir a limpeza urbana, combater o descarte irregular e eliminar [&hellip;]<\/p>\n","protected":false},"author":2,"featured_media":180481,"comment_status":"closed","ping_status":"closed","sticky":false,"template":"","format":"standard","meta":{"_acf_changed":false,"footnotes":""},"categories":[161],"tags":[],"class_list":["post-354754","post","type-post","status-publish","format-standard","has-post-thumbnail","hentry","category-quadradinho-em-foco"],"acf":[],"_links":{"self":[{"href":"https:\/\/www.notibras.com\/site\/wp-json\/wp\/v2\/posts\/354754","targetHints":{"allow":["GET"]}}],"collection":[{"href":"https:\/\/www.notibras.com\/site\/wp-json\/wp\/v2\/posts"}],"about":[{"href":"https:\/\/www.notibras.com\/site\/wp-json\/wp\/v2\/types\/post"}],"author":[{"embeddable":true,"href":"https:\/\/www.notibras.com\/site\/wp-json\/wp\/v2\/users\/2"}],"replies":[{"embeddable":true,"href":"https:\/\/www.notibras.com\/site\/wp-json\/wp\/v2\/comments?post=354754"}],"version-history":[{"count":1,"href":"https:\/\/www.notibras.com\/site\/wp-json\/wp\/v2\/posts\/354754\/revisions"}],"predecessor-version":[{"id":354755,"href":"https:\/\/www.notibras.com\/site\/wp-json\/wp\/v2\/posts\/354754\/revisions\/354755"}],"wp:featuredmedia":[{"embeddable":true,"href":"https:\/\/www.notibras.com\/site\/wp-json\/wp\/v2\/media\/180481"}],"wp:attachment":[{"href":"https:\/\/www.notibras.com\/site\/wp-json\/wp\/v2\/media?parent=354754"}],"wp:term":[{"taxonomy":"category","embeddable":true,"href":"https:\/\/www.notibras.com\/site\/wp-json\/wp\/v2\/categories?post=354754"},{"taxonomy":"post_tag","embeddable":true,"href":"https:\/\/www.notibras.com\/site\/wp-json\/wp\/v2\/tags?post=354754"}],"curies":[{"name":"wp","href":"https:\/\/api.w.org\/{rel}","templated":true}]}}