{"id":354819,"date":"2025-05-29T11:30:52","date_gmt":"2025-05-29T14:30:52","guid":{"rendered":"https:\/\/www.notibras.com\/site\/?p=354819"},"modified":"2025-05-29T11:57:11","modified_gmt":"2025-05-29T14:57:11","slug":"o-passaporte-que-abre-o-caminho-da-viagem-para-as-onze-negras","status":"publish","type":"post","link":"https:\/\/www.notibras.com\/site\/o-passaporte-que-abre-o-caminho-da-viagem-para-as-onze-negras\/","title":{"rendered":"O passaporte que abre o caminho da viagem para as Onze Negras"},"content":{"rendered":"<p>O turista n\u00e3o sabia o que procurava. Desceu do avi\u00e3o com o cora\u00e7\u00e3o leve e a mochila pesada \u2014 pesava n\u00e3o pelos objetos, mas pelas expectativas. Sempre sonhara em viajar para longe de si mesmo, mas mal sabia que a viagem mais transformadora seria para dentro dos outros.<\/p>\n<p>Foi numa tarde abafada de s\u00e1bado que ele trope\u00e7ou em uma exposi\u00e7\u00e3o chamada \u201cAs Onze Negras\u201d, no centro cultural de uma cidade que ele mal conseguia pronunciar. Entrou por curiosidade, ficou por respeito. Ali, n\u00e3o havia paisagens tropicais nem souvenirs baratos. Havia hist\u00f3ria. E vozes. E presen\u00e7a.<\/p>\n<p>Onze mulheres. Onze vidas. Onze mundos que cabiam num s\u00f3 cora\u00e7\u00e3o: o dele.<\/p>\n<p>A primeira negra era uma quitandeira do s\u00e9culo XIX, que vendia doces para comprar a liberdade dos filhos. A segunda, uma professora que alfabetizou gera\u00e7\u00f5es mesmo sem ter estudado formalmente. A terceira, uma dan\u00e7arina que encantava os palcos e desafiava os padr\u00f5es de beleza impostos.<\/p>\n<p>E assim ele foi viajando, sem sair da sala. Cada painel era uma passagem, cada hist\u00f3ria um embarque. A quarta negra era uma intelectual exilada, que escreveu sobre liberdade com a tinta da saudade. A quinta, uma l\u00edder de quilombo moderno \u2014 urbana, combativa, irreverente. A sexta, uma av\u00f3 rezadeira, que misturava f\u00e9 e afeto no mesmo caldeir\u00e3o.<\/p>\n<p>Com a s\u00e9tima, o turista chorou. Era uma menina de apenas 12 anos, morta por uma bala que n\u00e3o tinha destino, mas encontrou seu corpo. Na oitava, sentiu raiva: uma empregada dom\u00e9stica que virou escritora e foi silenciada por d\u00e9cadas. Na nona, sentiu alegria: uma rapper que rimava sua dor e virava esperan\u00e7a para a quebrada.<\/p>\n<p>Na d\u00e9cima, foi sil\u00eancio. Uma artista pl\u00e1stica que usava o pr\u00f3prio cabelo como pincel e a mem\u00f3ria como tela. Na d\u00e9cima primeira, encontrou a s\u00edntese: uma mulher que era todas as outras \u2014 m\u00e3e, filha, guerreira, sobrevivente. Negra.<\/p>\n<p>O turista saiu da exposi\u00e7\u00e3o sem tirar uma foto. N\u00e3o quis registrar com a c\u00e2mera o que estava gravado no peito.<\/p>\n<p>Pela primeira vez, entendeu que viajar n\u00e3o \u00e9 fugir. \u00c9 encontrar. E, naquele dia, ele se encontrou nas onze mulheres que, embora n\u00e3o fossem espelhos de sua pele ou seu passado, refletiam a dignidade universal de existir com verdade.<\/p>\n<p>Nunca mais viajou da mesma forma.<\/p>\n<p>Agora, em cada esquina, buscava as hist\u00f3rias escondidas nas sombras. E quando algu\u00e9m lhe perguntava o que mais gostou naquela viagem, ele respondia, sem hesitar:<\/p>\n<p>\u2014 As onze negras.<\/p>\n","protected":false},"excerpt":{"rendered":"<p>O turista n\u00e3o sabia o que procurava. Desceu do avi\u00e3o com o cora\u00e7\u00e3o leve e a mochila pesada \u2014 pesava n\u00e3o pelos objetos, mas pelas expectativas. Sempre sonhara em viajar para longe de si mesmo, mas mal sabia que a viagem mais transformadora seria para dentro dos outros. Foi numa tarde abafada de s\u00e1bado que [&hellip;]<\/p>\n","protected":false},"author":2,"featured_media":354820,"comment_status":"closed","ping_status":"closed","sticky":false,"template":"","format":"standard","meta":{"_acf_changed":false,"footnotes":""},"categories":[165],"tags":[],"class_list":["post-354819","post","type-post","status-publish","format-standard","has-post-thumbnail","hentry","category-nordeste"],"acf":[],"_links":{"self":[{"href":"https:\/\/www.notibras.com\/site\/wp-json\/wp\/v2\/posts\/354819","targetHints":{"allow":["GET"]}}],"collection":[{"href":"https:\/\/www.notibras.com\/site\/wp-json\/wp\/v2\/posts"}],"about":[{"href":"https:\/\/www.notibras.com\/site\/wp-json\/wp\/v2\/types\/post"}],"author":[{"embeddable":true,"href":"https:\/\/www.notibras.com\/site\/wp-json\/wp\/v2\/users\/2"}],"replies":[{"embeddable":true,"href":"https:\/\/www.notibras.com\/site\/wp-json\/wp\/v2\/comments?post=354819"}],"version-history":[{"count":1,"href":"https:\/\/www.notibras.com\/site\/wp-json\/wp\/v2\/posts\/354819\/revisions"}],"predecessor-version":[{"id":354821,"href":"https:\/\/www.notibras.com\/site\/wp-json\/wp\/v2\/posts\/354819\/revisions\/354821"}],"wp:featuredmedia":[{"embeddable":true,"href":"https:\/\/www.notibras.com\/site\/wp-json\/wp\/v2\/media\/354820"}],"wp:attachment":[{"href":"https:\/\/www.notibras.com\/site\/wp-json\/wp\/v2\/media?parent=354819"}],"wp:term":[{"taxonomy":"category","embeddable":true,"href":"https:\/\/www.notibras.com\/site\/wp-json\/wp\/v2\/categories?post=354819"},{"taxonomy":"post_tag","embeddable":true,"href":"https:\/\/www.notibras.com\/site\/wp-json\/wp\/v2\/tags?post=354819"}],"curies":[{"name":"wp","href":"https:\/\/api.w.org\/{rel}","templated":true}]}}