{"id":354822,"date":"2025-05-29T12:49:05","date_gmt":"2025-05-29T15:49:05","guid":{"rendered":"https:\/\/www.notibras.com\/site\/?p=354822"},"modified":"2025-05-29T16:02:12","modified_gmt":"2025-05-29T19:02:12","slug":"amante-de-livros-busca-reliquias-em-sebos","status":"publish","type":"post","link":"https:\/\/www.notibras.com\/site\/amante-de-livros-busca-reliquias-em-sebos\/","title":{"rendered":"Amante de livros busca rel\u00edquias em sebos"},"content":{"rendered":"<p>Vivia em sebos atr\u00e1s de livros que, tinha certeza, iria faz\u00ea-lo mudar o mundo. E, caso n\u00e3o fosse o mundo, ao menos seria seu dia ou, ent\u00e3o, parte dele. O importante, dizia em voz quase muda diante do espelho do banheiro minimalista, era buscar alternativas mais palat\u00e1veis para o feij\u00e3o e arroz do dia a dia.<\/p>\n<p>Salom\u00e3o, que carregava na carteira uma nota de um real, acreditava que a sorte, por mais que tardasse, iria saltitar das p\u00e1ginas amareladas de alguma obra. E, se n\u00e3o fosse de um exemplar de &#8216;Dom Casmurro&#8217;, seria a de &#8216;A verdade nos seres&#8217;, de Daniel Marchi ou, ent\u00e3o, de &#8216;O diagn\u00f3stico do espelho, de Sarah Munck. Quem sabe, talvez, de &#8216;O set\u00eanio&#8217;, de Edna Domenica ou, por que n\u00e3o, &#8216;O afilhado do Capeta&#8217;, da mineira Ilma Pereira?<\/p>\n<p>Enquanto folheava &#8216;Sob a pele de Maria&#8217;, de Milena Maria Testa, o sujeito foi arrancado do torpor por uma mo\u00e7a, \u00fanica funcion\u00e1ria do local. Salom\u00e3o fitou a mulher com certa curiosidade, at\u00e9 que, do nada, sorriu-lhe o sorriso dos despreparados para flertes. Ela movimentou levemente a cabe\u00e7a para a esquerda e for\u00e7ou simpatia, revelando uma improv\u00e1vel covinha do lado oposto.<\/p>\n<p>\u2014 Esse livro \u00e9 \u00f3timo!<\/p>\n<p>\u2014 J\u00e1 leu?<\/p>\n<p>\u2014 Sim. Duas vezes.<\/p>\n<p>\u2014 Duas?<\/p>\n<p>\u2014 Sim. Gosto de contos, mas, de vez em quando, pego um romance.<\/p>\n<p>\u2014 Tamb\u00e9m.<\/p>\n<p>\u2014 Vai lev\u00e1-lo?<\/p>\n<p>\u2014 Estava na d\u00favida, mas voc\u00ea me convenceu.<\/p>\n<p>Na semana seguinte, Salom\u00e3o retornou ao sebo e, entre tantos livros, buscou a dona daquelas covinhas. N\u00e3o a encontrou, talvez estivesse de folga, f\u00e9rias ou de licen\u00e7a m\u00e9dica. Estaria t\u00e3o doente a ponto de estar acamada? Preocupado, o homem questionou o senhor atr\u00e1s do balc\u00e3o.<\/p>\n<p>\u2014 Tem certeza que foi aqui?<\/p>\n<p>\u2014 Sim!<\/p>\n<p>\u2014 Engra\u00e7ado, pois a \u00fanica mulher com essas caracter\u00edsticas que conheci foi minha m\u00e3e.<\/p>\n<p>\u2014 Sua m\u00e3e?<\/p>\n<p>\u2014 Sim.<\/p>\n<p>\u2014 Imposs\u00edvel. O senhor tem idade pra ser av\u00f4 daquela mo\u00e7a.<\/p>\n<p>O velho virou as costas, o que fez com que Salom\u00e3o pensasse que ele tivesse ficado ofendido. No entanto, remexendo em uma gaveta, eis que o dono do sebo retirou uma antiga fotografia.<\/p>\n<p>\u2014 Esta era a minha m\u00e3e.<\/p>\n<p>Salom\u00e3o, boquiaberto, arregalou os olhos.<\/p>\n<p>\u2014 Sua m\u00e3e?<\/p>\n<p>\u2014 Sim. Papai tirou esse retrato pouco antes de mam\u00e3e falecer.<\/p>\n<p>O cliente pegou a fotografia em preto e branco e a observou por um instante. Depois a devolveu para o senhor e, por fim, saiu sem se despedir com palavras, apenas um leve aceno de cabe\u00e7a.<\/p>\n<p>No dia seguinte, Salom\u00e3o retornou ao sebo, onde se postou no mesmo local em que havia encontrado a jovem de covinhas. Escolheu, entre tantos t\u00edtulos, um que talvez fosse do agrado da sua quase amiga. Ela n\u00e3o apareceu naquele dia nem nos seguintes. Mesmo assim, \u00e9 poss\u00edvel v\u00ea-lo no mesmo corredor folheando livros, o olhar absorto, como se o mundo pudesse at\u00e9 continuar igual, mas aquele dia seria especial.<\/p>\n<p>&#8230;&#8230;&#8230;&#8230;&#8230;.<\/p>\n<p><strong>Eduardo Mart\u00ednez \u00e9 autor do livro 57 Contos e Cr\u00f4nicas por um Autor Muito Velho\u2019<\/strong><\/p>\n<p>Compre aqui\u00a0<span class=\"x19la9d6 x1fc57z9 x6ikm8r x10wlt62 x19co3pv x1g5zs5t xfibh0p xiy17q3 x1xsqp64 x1lkfr7t xexx8yu x4uap5 x18d9i69 xkhd6sd\"><span class=\"xrtxmta x1bhl96m\"><img decoding=\"async\" class=\"emoji\" role=\"img\" draggable=\"false\" src=\"https:\/\/s.w.org\/images\/core\/emoji\/15.0.3\/svg\/1f447-1f3ff.svg\" alt=\"&#x1f447;&#x1f3ff;\" \/><\/span><\/span><\/p>\n<p><a href=\"https:\/\/www.joanineditora.com.br\/57-contos-e-cronicas-por-um-autor-muito-velho\">https:\/\/www.joanineditora.com.br\/57-contos-e-cronicas-por-um-autor-muito-velho<\/a><\/p>\n","protected":false},"excerpt":{"rendered":"<p>Vivia em sebos atr\u00e1s de livros que, tinha certeza, iria faz\u00ea-lo mudar o mundo. E, caso n\u00e3o fosse o mundo, ao menos seria seu dia ou, ent\u00e3o, parte dele. O importante, dizia em voz quase muda diante do espelho do banheiro minimalista, era buscar alternativas mais palat\u00e1veis para o feij\u00e3o e arroz do dia a [&hellip;]<\/p>\n","protected":false},"author":2,"featured_media":354823,"comment_status":"closed","ping_status":"closed","sticky":false,"template":"","format":"standard","meta":{"_acf_changed":false,"footnotes":""},"categories":[161],"tags":[],"class_list":["post-354822","post","type-post","status-publish","format-standard","has-post-thumbnail","hentry","category-quadradinho-em-foco"],"acf":[],"_links":{"self":[{"href":"https:\/\/www.notibras.com\/site\/wp-json\/wp\/v2\/posts\/354822","targetHints":{"allow":["GET"]}}],"collection":[{"href":"https:\/\/www.notibras.com\/site\/wp-json\/wp\/v2\/posts"}],"about":[{"href":"https:\/\/www.notibras.com\/site\/wp-json\/wp\/v2\/types\/post"}],"author":[{"embeddable":true,"href":"https:\/\/www.notibras.com\/site\/wp-json\/wp\/v2\/users\/2"}],"replies":[{"embeddable":true,"href":"https:\/\/www.notibras.com\/site\/wp-json\/wp\/v2\/comments?post=354822"}],"version-history":[{"count":3,"href":"https:\/\/www.notibras.com\/site\/wp-json\/wp\/v2\/posts\/354822\/revisions"}],"predecessor-version":[{"id":354839,"href":"https:\/\/www.notibras.com\/site\/wp-json\/wp\/v2\/posts\/354822\/revisions\/354839"}],"wp:featuredmedia":[{"embeddable":true,"href":"https:\/\/www.notibras.com\/site\/wp-json\/wp\/v2\/media\/354823"}],"wp:attachment":[{"href":"https:\/\/www.notibras.com\/site\/wp-json\/wp\/v2\/media?parent=354822"}],"wp:term":[{"taxonomy":"category","embeddable":true,"href":"https:\/\/www.notibras.com\/site\/wp-json\/wp\/v2\/categories?post=354822"},{"taxonomy":"post_tag","embeddable":true,"href":"https:\/\/www.notibras.com\/site\/wp-json\/wp\/v2\/tags?post=354822"}],"curies":[{"name":"wp","href":"https:\/\/api.w.org\/{rel}","templated":true}]}}