{"id":354825,"date":"2025-05-29T10:14:04","date_gmt":"2025-05-29T13:14:04","guid":{"rendered":"https:\/\/www.notibras.com\/site\/?p=354825"},"modified":"2025-05-29T12:15:57","modified_gmt":"2025-05-29T15:15:57","slug":"abbraccio-brasilia-promove-noite-beneficente-em-prol-da-abrace","status":"publish","type":"post","link":"https:\/\/www.notibras.com\/site\/abbraccio-brasilia-promove-noite-beneficente-em-prol-da-abrace\/","title":{"rendered":"Abbraccio Bras\u00edlia promove noite beneficente em prol da Abrace"},"content":{"rendered":"<p>Os restaurantes Abbraccio de Bras\u00edlia se uniram mais uma vez com a Abrace para promover um jantar beneficente em prol da associa\u00e7\u00e3o. O jantar ser\u00e1 feito na celebra\u00e7\u00e3o do 39\u00b0 anivers\u00e1rio da Abrace, institui\u00e7\u00e3o que presta assist\u00eancia social a crian\u00e7as e adolescentes com c\u00e2ncer e hemopatias. A parceria entre a rede e a Abrace vem desde a inaugura\u00e7\u00e3o do Abbraccio, em Bras\u00edlia, h\u00e1 nove anos.<\/p>\n<p>O evento no Abbraccio do Iguatemi Bras\u00edlia aconteceu na quarta-feira, 28. J\u00e1 o segundo jantar ser\u00e1 feito nesta quinta-feira, 29, no Abbraccio do ParkShopping, tamb\u00e9m \u00e0s 19h. Os convites custam R$ 150,00 e podem ser adquiridos por meio do site do Sympla.<\/p>\n<p>Est\u00e3o inclu\u00eddos no ingresso entrada, prato principal, sobremesa e bebidas n\u00e3o alco\u00f3licas. Alguns dos favoritos do Abbraccio estar\u00e3o dispon\u00edveis no card\u00e1pio do evento, como Carbonara Bites, Pollo com Crosta, Linguine Funghi Fresco, entre outros.<\/p>\n<p>A Abrace trabalha h\u00e1 39 anos prestando assist\u00eancia social a fam\u00edlias de crian\u00e7as e adolescentes portadores de c\u00e2ncer e hemopatias, melhorando a qualidade de vida e a garantia de acesso \u00e0s melhores condi\u00e7\u00f5es de tratamento. Com a Casa de Apoio, que oferece acolhimento e hospedagem para pacientes e acompanhantes que moram em outros estados, a institui\u00e7\u00e3o conseguiu zerar a taxa de abandono do tratamento.<\/p>\n","protected":false},"excerpt":{"rendered":"<p>Os restaurantes Abbraccio de Bras\u00edlia se uniram mais uma vez com a Abrace para promover um jantar beneficente em prol da associa\u00e7\u00e3o. O jantar ser\u00e1 feito na celebra\u00e7\u00e3o do 39\u00b0 anivers\u00e1rio da Abrace, institui\u00e7\u00e3o que presta assist\u00eancia social a crian\u00e7as e adolescentes com c\u00e2ncer e hemopatias. A parceria entre a rede e a Abrace vem [&hellip;]<\/p>\n","protected":false},"author":2,"featured_media":292980,"comment_status":"closed","ping_status":"closed","sticky":false,"template":"","format":"standard","meta":{"_acf_changed":false,"footnotes":""},"categories":[161],"tags":[],"class_list":["post-354825","post","type-post","status-publish","format-standard","has-post-thumbnail","hentry","category-quadradinho-em-foco"],"acf":[],"_links":{"self":[{"href":"https:\/\/www.notibras.com\/site\/wp-json\/wp\/v2\/posts\/354825","targetHints":{"allow":["GET"]}}],"collection":[{"href":"https:\/\/www.notibras.com\/site\/wp-json\/wp\/v2\/posts"}],"about":[{"href":"https:\/\/www.notibras.com\/site\/wp-json\/wp\/v2\/types\/post"}],"author":[{"embeddable":true,"href":"https:\/\/www.notibras.com\/site\/wp-json\/wp\/v2\/users\/2"}],"replies":[{"embeddable":true,"href":"https:\/\/www.notibras.com\/site\/wp-json\/wp\/v2\/comments?post=354825"}],"version-history":[{"count":1,"href":"https:\/\/www.notibras.com\/site\/wp-json\/wp\/v2\/posts\/354825\/revisions"}],"predecessor-version":[{"id":354826,"href":"https:\/\/www.notibras.com\/site\/wp-json\/wp\/v2\/posts\/354825\/revisions\/354826"}],"wp:featuredmedia":[{"embeddable":true,"href":"https:\/\/www.notibras.com\/site\/wp-json\/wp\/v2\/media\/292980"}],"wp:attachment":[{"href":"https:\/\/www.notibras.com\/site\/wp-json\/wp\/v2\/media?parent=354825"}],"wp:term":[{"taxonomy":"category","embeddable":true,"href":"https:\/\/www.notibras.com\/site\/wp-json\/wp\/v2\/categories?post=354825"},{"taxonomy":"post_tag","embeddable":true,"href":"https:\/\/www.notibras.com\/site\/wp-json\/wp\/v2\/tags?post=354825"}],"curies":[{"name":"wp","href":"https:\/\/api.w.org\/{rel}","templated":true}]}}