{"id":354885,"date":"2025-05-30T10:30:24","date_gmt":"2025-05-30T13:30:24","guid":{"rendered":"https:\/\/www.notibras.com\/site\/?p=354885"},"modified":"2025-05-30T10:30:24","modified_gmt":"2025-05-30T13:30:24","slug":"nordeste-tera-alertas-em-situacoes-de-emergencia","status":"publish","type":"post","link":"https:\/\/www.notibras.com\/site\/nordeste-tera-alertas-em-situacoes-de-emergencia\/","title":{"rendered":"Nordeste ter\u00e1 alertas em situa\u00e7\u00f5es de emerg\u00eancia"},"content":{"rendered":"<p>O sistema Defesa Civil Alerta come\u00e7ar\u00e1 a ser utilizado na regi\u00e3o Nordeste a partir de 14 de junho. O sistema utiliza a rede de telecomunica\u00e7\u00f5es para emitir alertas gratuitos, com mensagens de texto e alertas sonoros de situa\u00e7\u00f5es de emerg\u00eancia, como chuvas intensas, alagamentos, deslizamentos de terras, entre outros.<\/p>\n<p>O an\u00fancio foi feito pelo ministro da Integra\u00e7\u00e3o e do Desenvolvimento Regional, Waldez G\u00f3es. Durante coletiva, o ministro informou que ser\u00e1 feito um teste do sistema, no dia 14, em todas as capitais nordestinas, al\u00e9m de tr\u00eas outras cidades em cada um dos estados.<\/p>\n<p>\u201c\u00c9 um prazo suficiente para que esse servi\u00e7o seja entregue \u00e0 sociedade nordestina com muita efici\u00eancia. Tenho certeza que mais vidas ser\u00e3o salvas. \u00c9 mais inova\u00e7\u00e3o tecnol\u00f3gica em defesa da vida das pessoas\u201d, afirmou o ministro.<\/p>\n<p><strong>Sistema<\/strong><br \/>\nOs alertas s\u00e3o disparados para a popula\u00e7\u00e3o em \u00e1rea de risco e com cobertura de rede 4G ou 5G, independente do sistema operacional e sem necessidade de cadastro pr\u00e9vio do usu\u00e1rio. Al\u00e9m disso, o sistema de alerta, ao encaminhar mensagem de texto e aviso sonoro, suspende qualquer conte\u00fado em uso na tela do aparelho, inclusive no modo silencioso.<\/p>\n<p>O aviso \u00e9 feito pelo poder p\u00fablico, com base em informa\u00e7\u00f5es levantadas por \u00f3rg\u00e3os de monitoramento.<\/p>\n<p>\u201c\u00c9 uma informa\u00e7\u00e3o, com base em um monitoramento de como est\u00e3o os problemas nas \u00e1reas que as pessoas vivem: se vai chover muito, se vai ter alagamento, um deslizamento. Essas informa\u00e7\u00f5es s\u00e3o recolhidas e transformadas em uma comunica\u00e7\u00e3o para as pessoas que moram na \u00e1rea afetada\u201d, esclareceu G\u00f3es.<\/p>\n<p>O ministro explicou que o alerta, que \u00e9 gratuito, ser\u00e1 recebido por qualquer pessoa que esteja na \u00e1rea afetada, independente de ser moradora ou n\u00e3o.<\/p>\n<p>\u201cQuem est\u00e1 recebendo a informa\u00e7\u00e3o tem que se preparar. Se a informa\u00e7\u00e3o for para sair imediatamente, \u00e9 para sair imediatamente, se for para ficar, \u00e9 para ficar\u201d, disse o ministro que ressaltou que as informa\u00e7\u00f5es encaminhadas \u00e0 popula\u00e7\u00e3o dialogam com os planos de defesa civil locais.<\/p>\n","protected":false},"excerpt":{"rendered":"<p>O sistema Defesa Civil Alerta come\u00e7ar\u00e1 a ser utilizado na regi\u00e3o Nordeste a partir de 14 de junho. O sistema utiliza a rede de telecomunica\u00e7\u00f5es para emitir alertas gratuitos, com mensagens de texto e alertas sonoros de situa\u00e7\u00f5es de emerg\u00eancia, como chuvas intensas, alagamentos, deslizamentos de terras, entre outros. O an\u00fancio foi feito pelo ministro [&hellip;]<\/p>\n","protected":false},"author":2,"featured_media":354886,"comment_status":"closed","ping_status":"closed","sticky":false,"template":"","format":"standard","meta":{"_acf_changed":false,"footnotes":""},"categories":[165],"tags":[],"class_list":["post-354885","post","type-post","status-publish","format-standard","has-post-thumbnail","hentry","category-nordeste"],"acf":[],"_links":{"self":[{"href":"https:\/\/www.notibras.com\/site\/wp-json\/wp\/v2\/posts\/354885","targetHints":{"allow":["GET"]}}],"collection":[{"href":"https:\/\/www.notibras.com\/site\/wp-json\/wp\/v2\/posts"}],"about":[{"href":"https:\/\/www.notibras.com\/site\/wp-json\/wp\/v2\/types\/post"}],"author":[{"embeddable":true,"href":"https:\/\/www.notibras.com\/site\/wp-json\/wp\/v2\/users\/2"}],"replies":[{"embeddable":true,"href":"https:\/\/www.notibras.com\/site\/wp-json\/wp\/v2\/comments?post=354885"}],"version-history":[{"count":1,"href":"https:\/\/www.notibras.com\/site\/wp-json\/wp\/v2\/posts\/354885\/revisions"}],"predecessor-version":[{"id":354887,"href":"https:\/\/www.notibras.com\/site\/wp-json\/wp\/v2\/posts\/354885\/revisions\/354887"}],"wp:featuredmedia":[{"embeddable":true,"href":"https:\/\/www.notibras.com\/site\/wp-json\/wp\/v2\/media\/354886"}],"wp:attachment":[{"href":"https:\/\/www.notibras.com\/site\/wp-json\/wp\/v2\/media?parent=354885"}],"wp:term":[{"taxonomy":"category","embeddable":true,"href":"https:\/\/www.notibras.com\/site\/wp-json\/wp\/v2\/categories?post=354885"},{"taxonomy":"post_tag","embeddable":true,"href":"https:\/\/www.notibras.com\/site\/wp-json\/wp\/v2\/tags?post=354885"}],"curies":[{"name":"wp","href":"https:\/\/api.w.org\/{rel}","templated":true}]}}