{"id":354888,"date":"2025-05-30T00:00:22","date_gmt":"2025-05-30T03:00:22","guid":{"rendered":"https:\/\/www.notibras.com\/site\/?p=354888"},"modified":"2025-05-30T10:37:44","modified_gmt":"2025-05-30T13:37:44","slug":"maioria-de-mortes-por-srag-esta-relacionada-a-influenza-a","status":"publish","type":"post","link":"https:\/\/www.notibras.com\/site\/maioria-de-mortes-por-srag-esta-relacionada-a-influenza-a\/","title":{"rendered":"Maioria de mortes por SRAG est\u00e1 relacionada \u00e0 influenza A"},"content":{"rendered":"<p>O boletim semanal InfoGripe da Funda\u00e7\u00e3o Oswaldo Cruz (Fiocruz), divulgado nesta quinta-feira (29), indica que os casos de S\u00edndrome Respirat\u00f3ria Aguda Grave (SRAG) por influenza A t\u00eam atingido n\u00edveis de incid\u00eancia de moderada a muito alta em jovens, adultos e idosos. O documento destaca a alta mortalidade de idosos e crian\u00e7as de at\u00e9 dois anos de idade, em consequ\u00eancia da doen\u00e7a.<\/p>\n<p>O v\u00edrus tem maior incid\u00eancia em crian\u00e7as pequenas, seguida pela popula\u00e7\u00e3o idosa. Entre os \u00f3bitos, nas \u00faltimas quatro semanas, o maior n\u00famero de v\u00edtimas positivas da doen\u00e7a foi de 72,5% para influenza A; 1,4% para influenza B; 12,6% para VSR; 9,7% para rinov\u00edrus; e 5,9% para Sars-CoV-2.<\/p>\n<p>O boletim indica que as hospitaliza\u00e7\u00f5es por V\u00edrus Sincicial Respirat\u00f3rio (VSR), que atingem sobretudo as crian\u00e7as pequenas, t\u00eam apresentado in\u00edcio de queda nos estados de S\u00e3o Paulo, Rio Grande do Norte e Distrito Federal. J\u00e1 a influenza A apresenta estabiliza\u00e7\u00e3o da doen\u00e7a no Mato Grosso do Sul e no Par\u00e1, embora os casos da doen\u00e7a ainda permane\u00e7am em n\u00edveis altos de incid\u00eancia nesses estados.<\/p>\n<p>Os dados laboratoriais por faixa et\u00e1ria indicam que o aumento dos casos de SRAG nas crian\u00e7as de at\u00e9 4 anos tem sido impulsionado principalmente pelo VSR. O rinov\u00edrus e a influenza A t\u00eam contribu\u00eddo para o aumento dos casos de SRAG na faixa et\u00e1ria de at\u00e9 4 anos, assim como nas crian\u00e7as e adolescentes de 5 a 14 anos. J\u00e1 a influenza A tem sido o principal v\u00edrus respons\u00e1vel pelo aumento dos casos de SRAG entre adultos e idosos e jovens a partir dos 15 anos.<\/p>\n<p>A pesquisadora do InfoGripe Tatiana Portella ressalta a import\u00e2ncia da vacina\u00e7\u00e3o diante do atual cen\u00e1rio epidemiol\u00f3gico e refor\u00e7a que \u00e9 fundamental levar as crian\u00e7as, os idosos e outros grupos priorit\u00e1rios para se vacinarem contra o v\u00edrus.<\/p>\n<p>\u201cA vacina ainda leva por volta de uns 15 dias para fazer efeito, ent\u00e3o quanto antes esse grupo tomar a vacina, melhor\u201d, avaliou a especialista.<\/p>\n","protected":false},"excerpt":{"rendered":"<p>O boletim semanal InfoGripe da Funda\u00e7\u00e3o Oswaldo Cruz (Fiocruz), divulgado nesta quinta-feira (29), indica que os casos de S\u00edndrome Respirat\u00f3ria Aguda Grave (SRAG) por influenza A t\u00eam atingido n\u00edveis de incid\u00eancia de moderada a muito alta em jovens, adultos e idosos. O documento destaca a alta mortalidade de idosos e crian\u00e7as de at\u00e9 dois anos [&hellip;]<\/p>\n","protected":false},"author":2,"featured_media":354889,"comment_status":"closed","ping_status":"closed","sticky":false,"template":"","format":"standard","meta":{"_acf_changed":false,"footnotes":""},"categories":[165],"tags":[],"class_list":["post-354888","post","type-post","status-publish","format-standard","has-post-thumbnail","hentry","category-nordeste"],"acf":[],"_links":{"self":[{"href":"https:\/\/www.notibras.com\/site\/wp-json\/wp\/v2\/posts\/354888","targetHints":{"allow":["GET"]}}],"collection":[{"href":"https:\/\/www.notibras.com\/site\/wp-json\/wp\/v2\/posts"}],"about":[{"href":"https:\/\/www.notibras.com\/site\/wp-json\/wp\/v2\/types\/post"}],"author":[{"embeddable":true,"href":"https:\/\/www.notibras.com\/site\/wp-json\/wp\/v2\/users\/2"}],"replies":[{"embeddable":true,"href":"https:\/\/www.notibras.com\/site\/wp-json\/wp\/v2\/comments?post=354888"}],"version-history":[{"count":1,"href":"https:\/\/www.notibras.com\/site\/wp-json\/wp\/v2\/posts\/354888\/revisions"}],"predecessor-version":[{"id":354890,"href":"https:\/\/www.notibras.com\/site\/wp-json\/wp\/v2\/posts\/354888\/revisions\/354890"}],"wp:featuredmedia":[{"embeddable":true,"href":"https:\/\/www.notibras.com\/site\/wp-json\/wp\/v2\/media\/354889"}],"wp:attachment":[{"href":"https:\/\/www.notibras.com\/site\/wp-json\/wp\/v2\/media?parent=354888"}],"wp:term":[{"taxonomy":"category","embeddable":true,"href":"https:\/\/www.notibras.com\/site\/wp-json\/wp\/v2\/categories?post=354888"},{"taxonomy":"post_tag","embeddable":true,"href":"https:\/\/www.notibras.com\/site\/wp-json\/wp\/v2\/tags?post=354888"}],"curies":[{"name":"wp","href":"https:\/\/api.w.org\/{rel}","templated":true}]}}