{"id":354933,"date":"2025-05-31T12:34:57","date_gmt":"2025-05-31T15:34:57","guid":{"rendered":"https:\/\/www.notibras.com\/site\/?p=354933"},"modified":"2025-05-31T12:35:53","modified_gmt":"2025-05-31T15:35:53","slug":"quilombola-do-nordeste-resgata-as-memorias-e-a-historia-de-onze-negra","status":"publish","type":"post","link":"https:\/\/www.notibras.com\/site\/quilombola-do-nordeste-resgata-as-memorias-e-a-historia-de-onze-negra\/","title":{"rendered":"Quilombola do Nordeste resgata as mem\u00f3rias e a hist\u00f3ria de Onze Negra"},"content":{"rendered":"<p>Na tela grande, luzes dan\u00e7am como vaga-lumes de outras eras. O som do tambor ecoa pelos cantos da sala escura, como se o tempo fosse uma fita rebobinada. E l\u00e1 est\u00e1 ele, o Quilombola. N\u00e3o um personagem qualquer, mas um esp\u00edrito de luta, um guardi\u00e3o da mem\u00f3ria, uma sombra viva que atravessa os s\u00e9culos.<\/p>\n<p>&#8220;Onze Negra&#8221; \u2014 n\u00e3o \u00e9 apenas um nome. \u00c9 um suspiro ancestral, uma vila escondida no cora\u00e7\u00e3o da resist\u00eancia. L\u00e1, onde o sol nasce com mais orgulho, a hist\u00f3ria n\u00e3o \u00e9 contada em p\u00e1ginas, mas em passos de dan\u00e7a, bordados na saia rodada das mestras do saber. Cada crian\u00e7a que corre pelo terreiro carrega um peda\u00e7o de passado nos olhos. Cada anci\u00e3o, com as m\u00e3os marcadas de tempo, guarda hist\u00f3rias que n\u00e3o couberam nos livros de Hist\u00f3ria.<\/p>\n<p>O cinema, por um instante, faz justi\u00e7a. D\u00e1 cor ao que quiseram apagar, d\u00e1 voz a quem por tanto tempo foi silenciado. E ali, no escuro da sala, a plateia se depara com um espelho que n\u00e3o mente. O Quilombola aparece de peito erguido, com a for\u00e7a da mata e a f\u00e9 do ax\u00e9. Sua fala corta como faca e acaricia como reza. Ele n\u00e3o \u00e9 s\u00f3 o protagonista \u2014 \u00e9 o pr\u00f3prio roteiro reescrito com sangue, suor e samba.<\/p>\n<p>\u00c9 curioso ver como o cinema, ferramenta de sonhos, virou tamb\u00e9m territ\u00f3rio de mem\u00f3ria. Onze Negra n\u00e3o \u00e9 uma inven\u00e7\u00e3o do roteiro, mas uma realidade viva, pulsante, que sobreviveu a s\u00e9culos de esquecimento imposto. \u00c9 quilombo, \u00e9 lar, \u00e9 luta que virou imagem.<\/p>\n<p>Receb\u00ea-la \u00e9 mais que assistir \u2014 \u00e9 se permitir sentir, lembrar, honrar. E ao final do filme, quando as luzes se acendem e os cr\u00e9ditos rolam, n\u00e3o \u00e9 raro ver olhos marejados. N\u00e3o de tristeza, mas de pertencimento. Porque, no fundo, todos carregamos um pouco de Quilombola dentro de n\u00f3s: a vontade de resistir, a coragem de lembrar e o direito de contar nossa pr\u00f3pria hist\u00f3ria.<\/p>\n","protected":false},"excerpt":{"rendered":"<p>Na tela grande, luzes dan\u00e7am como vaga-lumes de outras eras. O som do tambor ecoa pelos cantos da sala escura, como se o tempo fosse uma fita rebobinada. E l\u00e1 est\u00e1 ele, o Quilombola. N\u00e3o um personagem qualquer, mas um esp\u00edrito de luta, um guardi\u00e3o da mem\u00f3ria, uma sombra viva que atravessa os s\u00e9culos. &#8220;Onze [&hellip;]<\/p>\n","protected":false},"author":2,"featured_media":354934,"comment_status":"closed","ping_status":"closed","sticky":false,"template":"","format":"standard","meta":{"_acf_changed":false,"footnotes":""},"categories":[165],"tags":[],"class_list":["post-354933","post","type-post","status-publish","format-standard","has-post-thumbnail","hentry","category-nordeste"],"acf":[],"_links":{"self":[{"href":"https:\/\/www.notibras.com\/site\/wp-json\/wp\/v2\/posts\/354933","targetHints":{"allow":["GET"]}}],"collection":[{"href":"https:\/\/www.notibras.com\/site\/wp-json\/wp\/v2\/posts"}],"about":[{"href":"https:\/\/www.notibras.com\/site\/wp-json\/wp\/v2\/types\/post"}],"author":[{"embeddable":true,"href":"https:\/\/www.notibras.com\/site\/wp-json\/wp\/v2\/users\/2"}],"replies":[{"embeddable":true,"href":"https:\/\/www.notibras.com\/site\/wp-json\/wp\/v2\/comments?post=354933"}],"version-history":[{"count":2,"href":"https:\/\/www.notibras.com\/site\/wp-json\/wp\/v2\/posts\/354933\/revisions"}],"predecessor-version":[{"id":354936,"href":"https:\/\/www.notibras.com\/site\/wp-json\/wp\/v2\/posts\/354933\/revisions\/354936"}],"wp:featuredmedia":[{"embeddable":true,"href":"https:\/\/www.notibras.com\/site\/wp-json\/wp\/v2\/media\/354934"}],"wp:attachment":[{"href":"https:\/\/www.notibras.com\/site\/wp-json\/wp\/v2\/media?parent=354933"}],"wp:term":[{"taxonomy":"category","embeddable":true,"href":"https:\/\/www.notibras.com\/site\/wp-json\/wp\/v2\/categories?post=354933"},{"taxonomy":"post_tag","embeddable":true,"href":"https:\/\/www.notibras.com\/site\/wp-json\/wp\/v2\/tags?post=354933"}],"curies":[{"name":"wp","href":"https:\/\/api.w.org\/{rel}","templated":true}]}}