{"id":354937,"date":"2025-05-31T12:49:02","date_gmt":"2025-05-31T15:49:02","guid":{"rendered":"https:\/\/www.notibras.com\/site\/?p=354937"},"modified":"2025-05-31T12:49:02","modified_gmt":"2025-05-31T15:49:02","slug":"conversa-desconexa-cria-uma-linha-tenue-entre-o-futuro-incerto-e-o-seguro","status":"publish","type":"post","link":"https:\/\/www.notibras.com\/site\/conversa-desconexa-cria-uma-linha-tenue-entre-o-futuro-incerto-e-o-seguro\/","title":{"rendered":"Conversa desconexa cria uma linha t\u00eanue entre o futuro incerto e o seguro"},"content":{"rendered":"<p>Eram amigos h\u00e1 tanto tempo, que parecia que todos os segredos entre eles j\u00e1 haviam sido revelados. Se isso era verdade ou n\u00e3o, talvez fosse apenas um detalhe sem import\u00e2ncia, mesmo porque era n\u00edtida a liberdade que desfrutavam nos di\u00e1logos incomuns, mesmo que espa\u00e7ados pela correria do dia a dia.<\/p>\n<p>\u2014 Bom dia, Maria Tereza, como anda o caos por a\u00ed?<\/p>\n<p>\u2014 Ah, Luiz, tudo desorganizado como nos conformes.<\/p>\n<p>\u2014 Que bom! O J\u00falio j\u00e1 saiu da cadeia?<\/p>\n<p>\u2014 N\u00e3o te contei?<\/p>\n<p>\u2014 N\u00e3o. O qu\u00ea?<\/p>\n<p>\u2014 Ele foi solto na semana passada.<\/p>\n<p>\u2014 Que bom!<\/p>\n<p>\u2014 \u00c9, mas ficou ainda melhor hoje bem cedinho.<\/p>\n<p>\u2014 Por qu\u00ea?<\/p>\n<p>\u2014 A pol\u00edcia bateu aqui em casa \u00e0s seis da matina e o levou para mais uma temporada na pris\u00e3o.<\/p>\n<p>\u2014 E a S\u00f4nia?<\/p>\n<p>\u2014 Ih, aquela n\u00e3o tem mais jeito. Inventou de fazer faculdade.<\/p>\n<p>\u2014 S\u00e9rio?<\/p>\n<p>\u2014 Pois \u00e9, Luiz! Nem te conto! Engenharia!<\/p>\n<p>\u2014 N\u00e3o \u00e9 poss\u00edvel!<\/p>\n<p>\u2014 Pois n\u00e3o t\u00f4 te falando?<\/p>\n<p>\u2014 Engenharia?<\/p>\n<p>\u2014 Uma perdida! Aquela largou o empreg\u00e3o de caixa no mercadinho aqui pertinho de casa.<\/p>\n<p>\u2014 N\u00e3o acredito! Esses jovens n\u00e3o t\u00eam mesmo ju\u00edzo.<\/p>\n<p>\u2014 Pra voc\u00ea ver o que n\u00e3o passo com essa menina.<\/p>\n<p>\u2014 Pelo menos o J\u00falio t\u00e1 no caminho certo, n\u00e9, minha amiga?<\/p>\n<p>\u2014 Gra\u00e7as a Deus! Gra\u00e7as a Deus!<\/p>\n<p>\u2014 Ih, Maria Tereza!<\/p>\n<p>\u2014 O que foi, Luiz?<\/p>\n<p>\u2014 A panela de press\u00e3o t\u00e1 apitando que nem lagartixa.<\/p>\n<p>\u2014 Corre l\u00e1! Depois a gente se fala.<\/p>\n<p>\u2014 Int\u00e9, amiga!<\/p>\n<p>\u2014 Int\u00e9!<\/p>\n<p>Ap\u00f3s salvar o feij\u00e3o de queimar, o homem se sentou \u00e0 mesa da cozinha e suspirou:<\/p>\n<p>\u2014 Ainda bem que o vendaval na casa da Maria Tereza t\u00e1 diminuindo. Eita, garotada que d\u00e1 trabalho!<\/p>\n<p>&#8230;&#8230;&#8230;&#8230;&#8230;..<\/p>\n<p><strong>Eduardo Mart\u00ednez \u00e9 autor do livro 57 Contos e Cr\u00f4nicas por um Autor Muito Velho\u2019<\/strong><\/p>\n<p>Compre aqui\u00a0<span class=\"x19la9d6 x1fc57z9 x6ikm8r x10wlt62 x19co3pv x1g5zs5t xfibh0p xiy17q3 x1xsqp64 x1lkfr7t xexx8yu x4uap5 x18d9i69 xkhd6sd\"><span class=\"xrtxmta x1bhl96m\"><img decoding=\"async\" class=\"emoji\" role=\"img\" draggable=\"false\" src=\"https:\/\/s.w.org\/images\/core\/emoji\/15.0.3\/svg\/1f447-1f3ff.svg\" alt=\"&#x1f447;&#x1f3ff;\" \/><\/span><\/span><\/p>\n<p><a href=\"https:\/\/www.joanineditora.com.br\/57-contos-e-cronicas-por-um-autor-muito-velho\">https:\/\/www.joanineditora.com.br\/57-contos-e-cronicas-por-um-autor-muito-velho<\/a><\/p>\n","protected":false},"excerpt":{"rendered":"<p>Eram amigos h\u00e1 tanto tempo, que parecia que todos os segredos entre eles j\u00e1 haviam sido revelados. Se isso era verdade ou n\u00e3o, talvez fosse apenas um detalhe sem import\u00e2ncia, mesmo porque era n\u00edtida a liberdade que desfrutavam nos di\u00e1logos incomuns, mesmo que espa\u00e7ados pela correria do dia a dia. \u2014 Bom dia, Maria Tereza, [&hellip;]<\/p>\n","protected":false},"author":2,"featured_media":354938,"comment_status":"closed","ping_status":"closed","sticky":false,"template":"","format":"standard","meta":{"_acf_changed":false,"footnotes":""},"categories":[161],"tags":[],"class_list":["post-354937","post","type-post","status-publish","format-standard","has-post-thumbnail","hentry","category-quadradinho-em-foco"],"acf":[],"_links":{"self":[{"href":"https:\/\/www.notibras.com\/site\/wp-json\/wp\/v2\/posts\/354937","targetHints":{"allow":["GET"]}}],"collection":[{"href":"https:\/\/www.notibras.com\/site\/wp-json\/wp\/v2\/posts"}],"about":[{"href":"https:\/\/www.notibras.com\/site\/wp-json\/wp\/v2\/types\/post"}],"author":[{"embeddable":true,"href":"https:\/\/www.notibras.com\/site\/wp-json\/wp\/v2\/users\/2"}],"replies":[{"embeddable":true,"href":"https:\/\/www.notibras.com\/site\/wp-json\/wp\/v2\/comments?post=354937"}],"version-history":[{"count":1,"href":"https:\/\/www.notibras.com\/site\/wp-json\/wp\/v2\/posts\/354937\/revisions"}],"predecessor-version":[{"id":354939,"href":"https:\/\/www.notibras.com\/site\/wp-json\/wp\/v2\/posts\/354937\/revisions\/354939"}],"wp:featuredmedia":[{"embeddable":true,"href":"https:\/\/www.notibras.com\/site\/wp-json\/wp\/v2\/media\/354938"}],"wp:attachment":[{"href":"https:\/\/www.notibras.com\/site\/wp-json\/wp\/v2\/media?parent=354937"}],"wp:term":[{"taxonomy":"category","embeddable":true,"href":"https:\/\/www.notibras.com\/site\/wp-json\/wp\/v2\/categories?post=354937"},{"taxonomy":"post_tag","embeddable":true,"href":"https:\/\/www.notibras.com\/site\/wp-json\/wp\/v2\/tags?post=354937"}],"curies":[{"name":"wp","href":"https:\/\/api.w.org\/{rel}","templated":true}]}}