{"id":35495,"date":"2015-01-30T21:45:36","date_gmt":"2015-01-31T00:45:36","guid":{"rendered":"http:\/\/www.notibras.com\/site\/?p=35495"},"modified":"2015-01-31T09:37:37","modified_gmt":"2015-01-31T12:37:37","slug":"ao-contra-corrupcao-promete-cercar-congresso-e-pedir-impeachment-de-dilma","status":"publish","type":"post","link":"https:\/\/www.notibras.com\/site\/ao-contra-corrupcao-promete-cercar-congresso-e-pedir-impeachment-de-dilma\/","title":{"rendered":"Ato contra corrup\u00e7\u00e3o vai cercar Congresso e pedir sa\u00edda de Dilma"},"content":{"rendered":"<div class=\"content\">\n<p>Movimentos populares de todo pa\u00eds devem se reunir domingo (1\u00ba), em frente ao Congresso Nacional, para protestar contra a corrup\u00e7\u00e3o. De acordo com o professor Josemar Doril\u00eao, integrante do Movimento Brasil Livre, pelo menos cinco estados ser\u00e3o representados no dia da posse dos novos deputados e senadores.<\/p>\n<p>\u201cNo domingo, vir\u00e3o caravanas de S\u00e3o Paulo, Goi\u00e2nia, Salvador, Belo Horizonte e do Rio de Janeiro. A partir das 8h, estaremos concentrados em frente do Congresso Nacional\u201d, disse o professor. Ele adiantou que os ativistas devem fixar 300 cartazes ao longo da Esplanada dos Minist\u00e9rios, com mensagens contra a corrup\u00e7\u00e3o e pedindo o <em>impeachment <\/em>da presidenta Dilma Rousseff.<\/p>\n<p>Conforme Doril\u00eao, as den\u00fancias de corup\u00e7\u00e3o na Petrobras motivaram\u00a0os manifestantes. \u201cJ\u00e1 realizamos atos no prot\u00e3o da Embaixada dos Estados Unidos, um &#8216;faxina\u00e7o&#8217; nas proximidades da sede da Petrobras e um buzina\u00e7o pela moralidade. Mas esta \u00e9 a primeira alian\u00e7a de todos os movimentos\u201d, informou o professor.<\/p>\n<blockquote><p>Segundo ele, s\u00e3o dez movimentos, organizados em redes sociais, que se uniram para o ato de domingo. \u201cA meta \u00e9 \u00a0contar com o maior n\u00famero de pessoas que querem um pa\u00eds sem corrup\u00e7\u00e3o, um pa\u00eds limpo, um pa\u00eds decente. Nossos movimentos s\u00e3o contra a corrup\u00e7\u00e3o. Precisamos unir os movimentos oposicionistas do Brasil em nossas manifesta\u00e7\u00f5es\u201d, ressaltou a m\u00e9dica Neila Aidar, uma das organizadoras do ato.<\/p><\/blockquote>\n<p>O domingo tamb\u00e9m ser\u00e1 movimentado no Congresso. Al\u00e9m da posse dos novos parlamentares, PT e PMDB disputar\u00e3o o comando da C\u00e2mara dos Deputados. Apesar de compor a base governista, o PMDB lan\u00e7ou Eduardo Cunha, enquanto, pelo PT, Arlindo Chinaglia tenta retornar \u00e0 presid\u00eancia da Casa. L\u00edder do PSB na C\u00e2mara, J\u00falio Delgado (MG) corre por fora e tamb\u00e9m concorre. A elei\u00e7\u00e3o j\u00e1 \u00e9 considerada a mais disputada desde 2005, quando o ent\u00e3o deputado Severino Cavalcanti (PP-PE) derrotou o petista Lu\u00eds Eduardo Greenhalgh (SP).<\/p>\n<p>No Senado, a disputa pela presid\u00eancia envolve apenas o PMDB, partido de maior bancada (19 senadores) e, por isso, com a prerrogativa de indicar o presidente. Renan Calheiros (AL) e Luiz Henrique s\u00e3o os candidatos.<\/p>\n<p>A elei\u00e7\u00e3o para a presid\u00eancia da C\u00e2mara e a Mesa Diretora da Casa ocorrer\u00e1 ap\u00f3s a posse dos deputados para a pr\u00f3xima legislatura. Se nenhum dos candidatos conseguir a maioria absoluta dos votos, a elei\u00e7\u00e3o pode ser em dois turnos. O mesmo vale para os cargos da Mesa.<\/p>\n<header>\n<div class=\"node-info\"><strong>Marcelo Brand\u00e3o, ABr<\/strong><strong><br \/>\n<\/strong><\/div>\n<\/header>\n<\/div>\n","protected":false},"excerpt":{"rendered":"<p>Movimentos populares de todo pa\u00eds devem se reunir domingo (1\u00ba), em frente ao Congresso Nacional, para protestar contra a corrup\u00e7\u00e3o. De acordo com o professor Josemar Doril\u00eao, integrante do Movimento Brasil Livre, pelo menos cinco estados ser\u00e3o representados no dia da posse dos novos deputados e senadores. \u201cNo domingo, vir\u00e3o caravanas de S\u00e3o Paulo, Goi\u00e2nia, [&hellip;]<\/p>\n","protected":false},"author":2,"featured_media":35496,"comment_status":"open","ping_status":"closed","sticky":false,"template":"","format":"standard","meta":{"_acf_changed":false,"footnotes":""},"categories":[16],"tags":[],"class_list":["post-35495","post","type-post","status-publish","format-standard","has-post-thumbnail","hentry","category-brasil"],"acf":[],"yoast_head":"<!-- This site is optimized with the Yoast SEO plugin v27.2 - https:\/\/yoast.com\/product\/yoast-seo-wordpress\/ -->\n<title>Ato contra corrup\u00e7\u00e3o vai cercar Congresso e pedir sa\u00edda de Dilma - Notibras<\/title>\n<meta name=\"robots\" content=\"index, follow, max-snippet:-1, max-image-preview:large, max-video-preview:-1\" \/>\n<link rel=\"canonical\" href=\"https:\/\/www.notibras.com\/site\/ao-contra-corrupcao-promete-cercar-congresso-e-pedir-impeachment-de-dilma\/\" \/>\n<meta property=\"og:locale\" content=\"pt_BR\" \/>\n<meta property=\"og:type\" content=\"article\" \/>\n<meta property=\"og:title\" content=\"Ato contra corrup\u00e7\u00e3o vai cercar Congresso e pedir sa\u00edda de Dilma - Notibras\" \/>\n<meta property=\"og:description\" content=\"Movimentos populares de todo pa\u00eds devem se reunir domingo (1\u00ba), em frente ao Congresso Nacional, para protestar contra a corrup\u00e7\u00e3o. De acordo com o professor Josemar Doril\u00eao, integrante do Movimento Brasil Livre, pelo menos cinco estados ser\u00e3o representados no dia da posse dos novos deputados e senadores. \u201cNo domingo, vir\u00e3o caravanas de S\u00e3o Paulo, Goi\u00e2nia, [&hellip;]\" \/>\n<meta property=\"og:url\" content=\"https:\/\/www.notibras.com\/site\/ao-contra-corrupcao-promete-cercar-congresso-e-pedir-impeachment-de-dilma\/\" \/>\n<meta property=\"og:site_name\" content=\"Notibras\" \/>\n<meta property=\"article:publisher\" content=\"https:\/\/www.facebook.com\/notibras\/\" \/>\n<meta property=\"article:published_time\" content=\"2015-01-31T00:45:36+00:00\" \/>\n<meta property=\"article:modified_time\" content=\"2015-01-31T12:37:37+00:00\" \/>\n<meta property=\"og:image\" content=\"https:\/\/www.notibras.com\/site\/wp-content\/uploads\/2015\/01\/11285390.jpeg\" \/>\n\t<meta property=\"og:image:width\" content=\"550\" \/>\n\t<meta property=\"og:image:height\" content=\"367\" \/>\n\t<meta property=\"og:image:type\" content=\"image\/jpeg\" \/>\n<meta name=\"author\" content=\"Reda\u00e7\u00e3o\" \/>\n<meta name=\"twitter:card\" content=\"summary_large_image\" \/>\n<meta name=\"twitter:creator\" content=\"@Notibras\" \/>\n<meta name=\"twitter:site\" content=\"@Notibras\" \/>\n<meta name=\"twitter:label1\" content=\"Escrito por\" \/>\n\t<meta name=\"twitter:data1\" content=\"Reda\u00e7\u00e3o\" \/>\n\t<meta name=\"twitter:label2\" content=\"Est. tempo de leitura\" \/>\n\t<meta name=\"twitter:data2\" content=\"2 minutos\" \/>\n<script type=\"application\/ld+json\" class=\"yoast-schema-graph\">{\"@context\":\"https:\/\/schema.org\",\"@graph\":[{\"@type\":\"Article\",\"@id\":\"https:\/\/www.notibras.com\/site\/ao-contra-corrupcao-promete-cercar-congresso-e-pedir-impeachment-de-dilma\/#article\",\"isPartOf\":{\"@id\":\"https:\/\/www.notibras.com\/site\/ao-contra-corrupcao-promete-cercar-congresso-e-pedir-impeachment-de-dilma\/\"},\"author\":{\"name\":\"Reda\u00e7\u00e3o\",\"@id\":\"https:\/\/www.notibras.com\/site\/#\/schema\/person\/36ab0979449956132d3e5b517ea76ac8\"},\"headline\":\"Ato contra corrup\u00e7\u00e3o vai cercar Congresso e pedir sa\u00edda de Dilma\",\"datePublished\":\"2015-01-31T00:45:36+00:00\",\"dateModified\":\"2015-01-31T12:37:37+00:00\",\"mainEntityOfPage\":{\"@id\":\"https:\/\/www.notibras.com\/site\/ao-contra-corrupcao-promete-cercar-congresso-e-pedir-impeachment-de-dilma\/\"},\"wordCount\":439,\"commentCount\":0,\"publisher\":{\"@id\":\"https:\/\/www.notibras.com\/site\/#organization\"},\"image\":{\"@id\":\"https:\/\/www.notibras.com\/site\/ao-contra-corrupcao-promete-cercar-congresso-e-pedir-impeachment-de-dilma\/#primaryimage\"},\"thumbnailUrl\":\"https:\/\/www.notibras.com\/site\/wp-content\/uploads\/2015\/01\/11285390.jpeg\",\"articleSection\":[\"Brasil\"],\"inLanguage\":\"pt-BR\",\"potentialAction\":[{\"@type\":\"CommentAction\",\"name\":\"Comment\",\"target\":[\"https:\/\/www.notibras.com\/site\/ao-contra-corrupcao-promete-cercar-congresso-e-pedir-impeachment-de-dilma\/#respond\"]}]},{\"@type\":\"WebPage\",\"@id\":\"https:\/\/www.notibras.com\/site\/ao-contra-corrupcao-promete-cercar-congresso-e-pedir-impeachment-de-dilma\/\",\"url\":\"https:\/\/www.notibras.com\/site\/ao-contra-corrupcao-promete-cercar-congresso-e-pedir-impeachment-de-dilma\/\",\"name\":\"Ato contra corrup\u00e7\u00e3o vai cercar Congresso e pedir sa\u00edda de Dilma - Notibras\",\"isPartOf\":{\"@id\":\"https:\/\/www.notibras.com\/site\/#website\"},\"primaryImageOfPage\":{\"@id\":\"https:\/\/www.notibras.com\/site\/ao-contra-corrupcao-promete-cercar-congresso-e-pedir-impeachment-de-dilma\/#primaryimage\"},\"image\":{\"@id\":\"https:\/\/www.notibras.com\/site\/ao-contra-corrupcao-promete-cercar-congresso-e-pedir-impeachment-de-dilma\/#primaryimage\"},\"thumbnailUrl\":\"https:\/\/www.notibras.com\/site\/wp-content\/uploads\/2015\/01\/11285390.jpeg\",\"datePublished\":\"2015-01-31T00:45:36+00:00\",\"dateModified\":\"2015-01-31T12:37:37+00:00\",\"breadcrumb\":{\"@id\":\"https:\/\/www.notibras.com\/site\/ao-contra-corrupcao-promete-cercar-congresso-e-pedir-impeachment-de-dilma\/#breadcrumb\"},\"inLanguage\":\"pt-BR\",\"potentialAction\":[{\"@type\":\"ReadAction\",\"target\":[\"https:\/\/www.notibras.com\/site\/ao-contra-corrupcao-promete-cercar-congresso-e-pedir-impeachment-de-dilma\/\"]}]},{\"@type\":\"ImageObject\",\"inLanguage\":\"pt-BR\",\"@id\":\"https:\/\/www.notibras.com\/site\/ao-contra-corrupcao-promete-cercar-congresso-e-pedir-impeachment-de-dilma\/#primaryimage\",\"url\":\"https:\/\/www.notibras.com\/site\/wp-content\/uploads\/2015\/01\/11285390.jpeg\",\"contentUrl\":\"https:\/\/www.notibras.com\/site\/wp-content\/uploads\/2015\/01\/11285390.jpeg\",\"width\":550,\"height\":367},{\"@type\":\"BreadcrumbList\",\"@id\":\"https:\/\/www.notibras.com\/site\/ao-contra-corrupcao-promete-cercar-congresso-e-pedir-impeachment-de-dilma\/#breadcrumb\",\"itemListElement\":[{\"@type\":\"ListItem\",\"position\":1,\"name\":\"In\u00edcio\",\"item\":\"https:\/\/www.notibras.com\/site\/\"},{\"@type\":\"ListItem\",\"position\":2,\"name\":\"Ato contra corrup\u00e7\u00e3o vai cercar Congresso e pedir sa\u00edda de Dilma\"}]},{\"@type\":\"WebSite\",\"@id\":\"https:\/\/www.notibras.com\/site\/#website\",\"url\":\"https:\/\/www.notibras.com\/site\/\",\"name\":\"Notibras\",\"description\":\"Not\u00edcias de Bras\u00edlia, do Brasil e do Mundo\",\"publisher\":{\"@id\":\"https:\/\/www.notibras.com\/site\/#organization\"},\"potentialAction\":[{\"@type\":\"SearchAction\",\"target\":{\"@type\":\"EntryPoint\",\"urlTemplate\":\"https:\/\/www.notibras.com\/site\/?s={search_term_string}\"},\"query-input\":{\"@type\":\"PropertyValueSpecification\",\"valueRequired\":true,\"valueName\":\"search_term_string\"}}],\"inLanguage\":\"pt-BR\"},{\"@type\":\"Organization\",\"@id\":\"https:\/\/www.notibras.com\/site\/#organization\",\"name\":\"Grupo Notibras de Comunica\u00e7\u00e3o\",\"url\":\"https:\/\/www.notibras.com\/site\/\",\"logo\":{\"@type\":\"ImageObject\",\"inLanguage\":\"pt-BR\",\"@id\":\"https:\/\/www.notibras.com\/site\/#\/schema\/logo\/image\/\",\"url\":\"https:\/\/www.notibras.com\/site\/wp-content\/uploads\/2023\/01\/notibras23.png\",\"contentUrl\":\"https:\/\/www.notibras.com\/site\/wp-content\/uploads\/2023\/01\/notibras23.png\",\"width\":350,\"height\":87,\"caption\":\"Grupo Notibras de Comunica\u00e7\u00e3o\"},\"image\":{\"@id\":\"https:\/\/www.notibras.com\/site\/#\/schema\/logo\/image\/\"},\"sameAs\":[\"https:\/\/www.facebook.com\/notibras\/\",\"https:\/\/x.com\/Notibras\",\"https:\/\/www.instagram.com\/notibras\/\"]},{\"@type\":\"Person\",\"@id\":\"https:\/\/www.notibras.com\/site\/#\/schema\/person\/36ab0979449956132d3e5b517ea76ac8\",\"name\":\"Reda\u00e7\u00e3o\",\"image\":{\"@type\":\"ImageObject\",\"inLanguage\":\"pt-BR\",\"@id\":\"https:\/\/secure.gravatar.com\/avatar\/e0a867bdedb85fd243eadf09663511f96fc81e0720a4a42581f334ad4303aa6b?s=96&d=mm&r=g\",\"url\":\"https:\/\/secure.gravatar.com\/avatar\/e0a867bdedb85fd243eadf09663511f96fc81e0720a4a42581f334ad4303aa6b?s=96&d=mm&r=g\",\"contentUrl\":\"https:\/\/secure.gravatar.com\/avatar\/e0a867bdedb85fd243eadf09663511f96fc81e0720a4a42581f334ad4303aa6b?s=96&d=mm&r=g\",\"caption\":\"Reda\u00e7\u00e3o\"}}]}<\/script>\n<!-- \/ Yoast SEO plugin. -->","yoast_head_json":{"title":"Ato contra corrup\u00e7\u00e3o vai cercar Congresso e pedir sa\u00edda de Dilma - Notibras","robots":{"index":"index","follow":"follow","max-snippet":"max-snippet:-1","max-image-preview":"max-image-preview:large","max-video-preview":"max-video-preview:-1"},"canonical":"https:\/\/www.notibras.com\/site\/ao-contra-corrupcao-promete-cercar-congresso-e-pedir-impeachment-de-dilma\/","og_locale":"pt_BR","og_type":"article","og_title":"Ato contra corrup\u00e7\u00e3o vai cercar Congresso e pedir sa\u00edda de Dilma - Notibras","og_description":"Movimentos populares de todo pa\u00eds devem se reunir domingo (1\u00ba), em frente ao Congresso Nacional, para protestar contra a corrup\u00e7\u00e3o. De acordo com o professor Josemar Doril\u00eao, integrante do Movimento Brasil Livre, pelo menos cinco estados ser\u00e3o representados no dia da posse dos novos deputados e senadores. \u201cNo domingo, vir\u00e3o caravanas de S\u00e3o Paulo, Goi\u00e2nia, [&hellip;]","og_url":"https:\/\/www.notibras.com\/site\/ao-contra-corrupcao-promete-cercar-congresso-e-pedir-impeachment-de-dilma\/","og_site_name":"Notibras","article_publisher":"https:\/\/www.facebook.com\/notibras\/","article_published_time":"2015-01-31T00:45:36+00:00","article_modified_time":"2015-01-31T12:37:37+00:00","og_image":[{"width":550,"height":367,"url":"https:\/\/www.notibras.com\/site\/wp-content\/uploads\/2015\/01\/11285390.jpeg","type":"image\/jpeg"}],"author":"Reda\u00e7\u00e3o","twitter_card":"summary_large_image","twitter_creator":"@Notibras","twitter_site":"@Notibras","twitter_misc":{"Escrito por":"Reda\u00e7\u00e3o","Est. tempo de leitura":"2 minutos"},"schema":{"@context":"https:\/\/schema.org","@graph":[{"@type":"Article","@id":"https:\/\/www.notibras.com\/site\/ao-contra-corrupcao-promete-cercar-congresso-e-pedir-impeachment-de-dilma\/#article","isPartOf":{"@id":"https:\/\/www.notibras.com\/site\/ao-contra-corrupcao-promete-cercar-congresso-e-pedir-impeachment-de-dilma\/"},"author":{"name":"Reda\u00e7\u00e3o","@id":"https:\/\/www.notibras.com\/site\/#\/schema\/person\/36ab0979449956132d3e5b517ea76ac8"},"headline":"Ato contra corrup\u00e7\u00e3o vai cercar Congresso e pedir sa\u00edda de Dilma","datePublished":"2015-01-31T00:45:36+00:00","dateModified":"2015-01-31T12:37:37+00:00","mainEntityOfPage":{"@id":"https:\/\/www.notibras.com\/site\/ao-contra-corrupcao-promete-cercar-congresso-e-pedir-impeachment-de-dilma\/"},"wordCount":439,"commentCount":0,"publisher":{"@id":"https:\/\/www.notibras.com\/site\/#organization"},"image":{"@id":"https:\/\/www.notibras.com\/site\/ao-contra-corrupcao-promete-cercar-congresso-e-pedir-impeachment-de-dilma\/#primaryimage"},"thumbnailUrl":"https:\/\/www.notibras.com\/site\/wp-content\/uploads\/2015\/01\/11285390.jpeg","articleSection":["Brasil"],"inLanguage":"pt-BR","potentialAction":[{"@type":"CommentAction","name":"Comment","target":["https:\/\/www.notibras.com\/site\/ao-contra-corrupcao-promete-cercar-congresso-e-pedir-impeachment-de-dilma\/#respond"]}]},{"@type":"WebPage","@id":"https:\/\/www.notibras.com\/site\/ao-contra-corrupcao-promete-cercar-congresso-e-pedir-impeachment-de-dilma\/","url":"https:\/\/www.notibras.com\/site\/ao-contra-corrupcao-promete-cercar-congresso-e-pedir-impeachment-de-dilma\/","name":"Ato contra corrup\u00e7\u00e3o vai cercar Congresso e pedir sa\u00edda de Dilma - Notibras","isPartOf":{"@id":"https:\/\/www.notibras.com\/site\/#website"},"primaryImageOfPage":{"@id":"https:\/\/www.notibras.com\/site\/ao-contra-corrupcao-promete-cercar-congresso-e-pedir-impeachment-de-dilma\/#primaryimage"},"image":{"@id":"https:\/\/www.notibras.com\/site\/ao-contra-corrupcao-promete-cercar-congresso-e-pedir-impeachment-de-dilma\/#primaryimage"},"thumbnailUrl":"https:\/\/www.notibras.com\/site\/wp-content\/uploads\/2015\/01\/11285390.jpeg","datePublished":"2015-01-31T00:45:36+00:00","dateModified":"2015-01-31T12:37:37+00:00","breadcrumb":{"@id":"https:\/\/www.notibras.com\/site\/ao-contra-corrupcao-promete-cercar-congresso-e-pedir-impeachment-de-dilma\/#breadcrumb"},"inLanguage":"pt-BR","potentialAction":[{"@type":"ReadAction","target":["https:\/\/www.notibras.com\/site\/ao-contra-corrupcao-promete-cercar-congresso-e-pedir-impeachment-de-dilma\/"]}]},{"@type":"ImageObject","inLanguage":"pt-BR","@id":"https:\/\/www.notibras.com\/site\/ao-contra-corrupcao-promete-cercar-congresso-e-pedir-impeachment-de-dilma\/#primaryimage","url":"https:\/\/www.notibras.com\/site\/wp-content\/uploads\/2015\/01\/11285390.jpeg","contentUrl":"https:\/\/www.notibras.com\/site\/wp-content\/uploads\/2015\/01\/11285390.jpeg","width":550,"height":367},{"@type":"BreadcrumbList","@id":"https:\/\/www.notibras.com\/site\/ao-contra-corrupcao-promete-cercar-congresso-e-pedir-impeachment-de-dilma\/#breadcrumb","itemListElement":[{"@type":"ListItem","position":1,"name":"In\u00edcio","item":"https:\/\/www.notibras.com\/site\/"},{"@type":"ListItem","position":2,"name":"Ato contra corrup\u00e7\u00e3o vai cercar Congresso e pedir sa\u00edda de Dilma"}]},{"@type":"WebSite","@id":"https:\/\/www.notibras.com\/site\/#website","url":"https:\/\/www.notibras.com\/site\/","name":"Notibras","description":"Not\u00edcias de Bras\u00edlia, do Brasil e do Mundo","publisher":{"@id":"https:\/\/www.notibras.com\/site\/#organization"},"potentialAction":[{"@type":"SearchAction","target":{"@type":"EntryPoint","urlTemplate":"https:\/\/www.notibras.com\/site\/?s={search_term_string}"},"query-input":{"@type":"PropertyValueSpecification","valueRequired":true,"valueName":"search_term_string"}}],"inLanguage":"pt-BR"},{"@type":"Organization","@id":"https:\/\/www.notibras.com\/site\/#organization","name":"Grupo Notibras de Comunica\u00e7\u00e3o","url":"https:\/\/www.notibras.com\/site\/","logo":{"@type":"ImageObject","inLanguage":"pt-BR","@id":"https:\/\/www.notibras.com\/site\/#\/schema\/logo\/image\/","url":"https:\/\/www.notibras.com\/site\/wp-content\/uploads\/2023\/01\/notibras23.png","contentUrl":"https:\/\/www.notibras.com\/site\/wp-content\/uploads\/2023\/01\/notibras23.png","width":350,"height":87,"caption":"Grupo Notibras de Comunica\u00e7\u00e3o"},"image":{"@id":"https:\/\/www.notibras.com\/site\/#\/schema\/logo\/image\/"},"sameAs":["https:\/\/www.facebook.com\/notibras\/","https:\/\/x.com\/Notibras","https:\/\/www.instagram.com\/notibras\/"]},{"@type":"Person","@id":"https:\/\/www.notibras.com\/site\/#\/schema\/person\/36ab0979449956132d3e5b517ea76ac8","name":"Reda\u00e7\u00e3o","image":{"@type":"ImageObject","inLanguage":"pt-BR","@id":"https:\/\/secure.gravatar.com\/avatar\/e0a867bdedb85fd243eadf09663511f96fc81e0720a4a42581f334ad4303aa6b?s=96&d=mm&r=g","url":"https:\/\/secure.gravatar.com\/avatar\/e0a867bdedb85fd243eadf09663511f96fc81e0720a4a42581f334ad4303aa6b?s=96&d=mm&r=g","contentUrl":"https:\/\/secure.gravatar.com\/avatar\/e0a867bdedb85fd243eadf09663511f96fc81e0720a4a42581f334ad4303aa6b?s=96&d=mm&r=g","caption":"Reda\u00e7\u00e3o"}}]}},"amp_enabled":true,"_links":{"self":[{"href":"https:\/\/www.notibras.com\/site\/wp-json\/wp\/v2\/posts\/35495","targetHints":{"allow":["GET"]}}],"collection":[{"href":"https:\/\/www.notibras.com\/site\/wp-json\/wp\/v2\/posts"}],"about":[{"href":"https:\/\/www.notibras.com\/site\/wp-json\/wp\/v2\/types\/post"}],"author":[{"embeddable":true,"href":"https:\/\/www.notibras.com\/site\/wp-json\/wp\/v2\/users\/2"}],"replies":[{"embeddable":true,"href":"https:\/\/www.notibras.com\/site\/wp-json\/wp\/v2\/comments?post=35495"}],"version-history":[{"count":0,"href":"https:\/\/www.notibras.com\/site\/wp-json\/wp\/v2\/posts\/35495\/revisions"}],"wp:featuredmedia":[{"embeddable":true,"href":"https:\/\/www.notibras.com\/site\/wp-json\/wp\/v2\/media\/35496"}],"wp:attachment":[{"href":"https:\/\/www.notibras.com\/site\/wp-json\/wp\/v2\/media?parent=35495"}],"wp:term":[{"taxonomy":"category","embeddable":true,"href":"https:\/\/www.notibras.com\/site\/wp-json\/wp\/v2\/categories?post=35495"},{"taxonomy":"post_tag","embeddable":true,"href":"https:\/\/www.notibras.com\/site\/wp-json\/wp\/v2\/tags?post=35495"}],"curies":[{"name":"wp","href":"https:\/\/api.w.org\/{rel}","templated":true}]}}