{"id":354973,"date":"2025-06-01T07:17:23","date_gmt":"2025-06-01T10:17:23","guid":{"rendered":"https:\/\/www.notibras.com\/site\/?p=354973"},"modified":"2025-06-01T07:18:55","modified_gmt":"2025-06-01T10:18:55","slug":"de-desempregado-a-empreendedor-virtual-jovem-nordestino-se-vira","status":"publish","type":"post","link":"https:\/\/www.notibras.com\/site\/de-desempregado-a-empreendedor-virtual-jovem-nordestino-se-vira\/","title":{"rendered":"De desempregado a empreendedor virtual, jovem nordestino se vira"},"content":{"rendered":"<p>O fen\u00f4meno n\u00e3o est\u00e1 restrito ao &#8216;Sul Maravilha&#8217; ou ao Sudeste brasileiro. Tamb\u00e9m o Nordeste, com o avan\u00e7o da tecnologia e a populariza\u00e7\u00e3o da internet, o mercado de trabalho tem passado por profundas transforma\u00e7\u00f5es. Para muitos jovens, o desemprego deixou de ser um obst\u00e1culo e se tornou o ponto de partida para uma nova jornada: a do empreendedorismo digital.<\/p>\n<p>Com altos \u00edndices de desemprego entre os jovens \u2014 que segundo dados do IBGE chegaram a cerca de 20% em alguns momentos da \u00faltima d\u00e9cada \u2014 muitos se viram obrigados a buscar alternativas fora do modelo tradicional de trabalho.<\/p>\n<p>\u00c9 nesse contexto que surgem hist\u00f3rias como a de Amanda Souza, de 24 anos. Depois de ser demitida de um emprego em telemarketing durante a pandemia, Amanda criou um perfil no Instagram para vender artesanato. Hoje, tem mais de 50 mil seguidores e fatura cerca de R$ 8 mil por m\u00eas.<\/p>\n<p>\u201cNo come\u00e7o foi por necessidade. Eu n\u00e3o tinha dinheiro nem para o \u00f4nibus. Com o celular na m\u00e3o, comecei a mostrar meus produtos e, quando vi, j\u00e1 tinha virado um neg\u00f3cio\u201d, conta Amanda.<\/p>\n<p>Ela faz parte de um movimento crescente: o de jovens que usam redes sociais, plataformas de e-commerce, marketing digital e cursos online para construir sua pr\u00f3pria fonte de renda. De infoprodutos a dropshipping, passando pela cria\u00e7\u00e3o de conte\u00fado, os caminhos s\u00e3o muitos \u2014 e, muitas vezes, autodidatas.<\/p>\n<p>Segundo especialistas, a gera\u00e7\u00e3o Z, nascida j\u00e1 em um mundo conectado, tem mais facilidade para lidar com ferramentas digitais e criar modelos de neg\u00f3cio inovadores. \u201cEssa gera\u00e7\u00e3o n\u00e3o s\u00f3 domina a tecnologia, como tamb\u00e9m busca mais autonomia e prop\u00f3sito. Por isso, o empreendedorismo digital tem tanto apelo\u201d, explica Carla Ribeiro, consultora em inova\u00e7\u00e3o e trabalho.<\/p>\n<p>Al\u00e9m disso, o acesso a ferramentas gratuitas e a plataformas como YouTube, TikTok, Canva e Shopify permite que um jovem com criatividade e acesso \u00e0 internet possa iniciar um neg\u00f3cio com baixo investimento.<\/p>\n<p>Apesar das oportunidades, nem todos t\u00eam as mesmas condi\u00e7\u00f5es para empreender. A chamada \u201cdesigualdade digital\u201d ainda afasta muitos jovens que n\u00e3o possuem acesso de qualidade \u00e0 internet, equipamentos adequados ou forma\u00e7\u00e3o b\u00e1sica.<\/p>\n<p>Organiza\u00e7\u00f5es como ONGs e iniciativas de capacita\u00e7\u00e3o t\u00eam tentado preencher essa lacuna. Programas como o \u201cJovem Digital\u201d e o \u201cFavela Digital\u201d oferecem cursos gratuitos em marketing, design, programa\u00e7\u00e3o e gest\u00e3o financeira.<\/p>\n<p>A transforma\u00e7\u00e3o do mercado n\u00e3o \u00e9 apenas uma tend\u00eancia \u2014 \u00e9 uma realidade. Empreender online deixou de ser exce\u00e7\u00e3o para se tornar um dos caminhos mais vi\u00e1veis para uma gera\u00e7\u00e3o em busca de renda, liberdade e significado no que faz.<\/p>\n<p>\u201cN\u00e3o \u00e9 s\u00f3 sobre ganhar dinheiro. \u00c9 sobre poder criar algo meu, com meu tempo, meu jeito, minha hist\u00f3ria\u201d, resume Lucas Oliveira, 21 anos, que hoje vive da cria\u00e7\u00e3o de conte\u00fado no TikTok e j\u00e1 fechou parcerias com marcas conhecidas.<\/p>\n<p>O futuro do trabalho, para muitos jovens, j\u00e1 chegou \u2014 e ele \u00e9 digital, aut\u00f4nomo e, acima de tudo, conectado com a realidade de quem ousou transformar a crise em oportunidade.<\/p>\n","protected":false},"excerpt":{"rendered":"<p>O fen\u00f4meno n\u00e3o est\u00e1 restrito ao &#8216;Sul Maravilha&#8217; ou ao Sudeste brasileiro. Tamb\u00e9m o Nordeste, com o avan\u00e7o da tecnologia e a populariza\u00e7\u00e3o da internet, o mercado de trabalho tem passado por profundas transforma\u00e7\u00f5es. Para muitos jovens, o desemprego deixou de ser um obst\u00e1culo e se tornou o ponto de partida para uma nova jornada: [&hellip;]<\/p>\n","protected":false},"author":2,"featured_media":255678,"comment_status":"closed","ping_status":"closed","sticky":false,"template":"","format":"standard","meta":{"_acf_changed":false,"footnotes":""},"categories":[165],"tags":[],"class_list":["post-354973","post","type-post","status-publish","format-standard","has-post-thumbnail","hentry","category-nordeste"],"acf":[],"_links":{"self":[{"href":"https:\/\/www.notibras.com\/site\/wp-json\/wp\/v2\/posts\/354973","targetHints":{"allow":["GET"]}}],"collection":[{"href":"https:\/\/www.notibras.com\/site\/wp-json\/wp\/v2\/posts"}],"about":[{"href":"https:\/\/www.notibras.com\/site\/wp-json\/wp\/v2\/types\/post"}],"author":[{"embeddable":true,"href":"https:\/\/www.notibras.com\/site\/wp-json\/wp\/v2\/users\/2"}],"replies":[{"embeddable":true,"href":"https:\/\/www.notibras.com\/site\/wp-json\/wp\/v2\/comments?post=354973"}],"version-history":[{"count":2,"href":"https:\/\/www.notibras.com\/site\/wp-json\/wp\/v2\/posts\/354973\/revisions"}],"predecessor-version":[{"id":354975,"href":"https:\/\/www.notibras.com\/site\/wp-json\/wp\/v2\/posts\/354973\/revisions\/354975"}],"wp:featuredmedia":[{"embeddable":true,"href":"https:\/\/www.notibras.com\/site\/wp-json\/wp\/v2\/media\/255678"}],"wp:attachment":[{"href":"https:\/\/www.notibras.com\/site\/wp-json\/wp\/v2\/media?parent=354973"}],"wp:term":[{"taxonomy":"category","embeddable":true,"href":"https:\/\/www.notibras.com\/site\/wp-json\/wp\/v2\/categories?post=354973"},{"taxonomy":"post_tag","embeddable":true,"href":"https:\/\/www.notibras.com\/site\/wp-json\/wp\/v2\/tags?post=354973"}],"curies":[{"name":"wp","href":"https:\/\/api.w.org\/{rel}","templated":true}]}}